{"id":27829,"date":"2025-06-10T13:25:33","date_gmt":"2025-06-10T11:25:33","guid":{"rendered":"https:\/\/matteria.si\/blog\/07-entrant-en-matteria_-amb-mariona-sanz\/"},"modified":"2025-09-01T13:07:45","modified_gmt":"2025-09-01T11:07:45","slug":"07-entrant-en-matteria_-amb-mariona-sanz","status":"publish","type":"post","link":"https:\/\/matteria.si\/ca\/blog\/07-entrant-en-matteria_-amb-mariona-sanz\/","title":{"rendered":"07. Entrant en matteria_ amb Mariona Sanz"},"content":{"rendered":"<p data-start=\"96\" data-end=\"274\"><img loading=\"lazy\" decoding=\"async\" class=\"wp-image-27826 aligncenter\" title=\"Entrant en matteria_ amb Mariona Sanz\" src=\"https:\/\/matteria.si\/wp-content\/uploads\/2025\/06\/entrando_en_matteria_mariona_sanz_2-300x144.webp\" alt=\"Entrant en matteria_ amb Mariona Sanz\" width=\"915\" height=\"439\" srcset=\"https:\/\/matteria.si\/wp-content\/uploads\/2025\/06\/entrando_en_matteria_mariona_sanz_2-300x144.webp 300w, https:\/\/matteria.si\/wp-content\/uploads\/2025\/06\/entrando_en_matteria_mariona_sanz_2-768x368.webp 768w, https:\/\/matteria.si\/wp-content\/uploads\/2025\/06\/entrando_en_matteria_mariona_sanz_2.webp 838w\" sizes=\"auto, (max-width: 915px) 100vw, 915px\" \/><\/p>\n<h2 data-start=\"96\" data-end=\"274\"><strong data-start=\"96\" data-end=\"123\">\u00abEntrant en matteria_\u00bb<\/strong> \u00e9s un espai de conversa en el qual ens trobem amb diferents professionals per a parlar sobre l&#8217;entorn empresarial i els reptes digitals.<\/h2>\n<p data-start=\"276\" data-end=\"528\">Aquesta vegada entrem en matteria_ amb <strong data-start=\"311\" data-end=\"327\">Mariona Sanz<\/strong>, directora d&#8217;Innovaci\u00f3 i Desenvolupament de Negoci al <strong data-start=\"383\" data-end=\"462\"><a href=\"https:\/\/www.bsc.es\/es\" target=\"_blank\" rel=\"noopener\">Barcelona Supercomputing Center<\/a> \u2013 Centre Nacional de Supercomputaci\u00f3 (BSC)<\/strong>, per a parlar sobre <strong data-start=\"482\" data-end=\"525\">intel\u00b7lig\u00e8ncia artificial, Europa i pimes.<\/strong><\/p>\n<p data-start=\"530\" data-end=\"927\">Amb una mirada l\u00facida i estrat\u00e8gica, Mariona reflexiona sobre el <strong data-start=\"595\" data-end=\"682\">paper que pot jugar Europa en el desenvolupament d&#8217;una intel\u00b7lig\u00e8ncia artificial pr\u00f2pia,<\/strong> capa\u00e7 de competir amb les grans pot\u00e8ncies globals. Parlem dels reptes actuals, dels canvis reguladors imminents i de com aprofitar la for\u00e7a dels centres de recerca per a construir una base tecnol\u00f2gica sobirana i \u00e8tica. <\/p>\n<p data-start=\"929\" data-end=\"1200\">Al llarg de la conversa, tamb\u00e9 analitzem <strong data-start=\"979\" data-end=\"1052\">com les pimes poden incorporar la IA per a millorar la seva competitivitat,<\/strong> i qu\u00e8 es necessita per a facilitar aquesta adopci\u00f3: <strong data-start=\"1102\" data-end=\"1197\">formaci\u00f3, infraestructures obertes i pol\u00edtiques p\u00fabliques que connectin innovaci\u00f3 i empresa.<\/strong><\/p>\n<p data-start=\"1202\" data-end=\"1548\">Mariona ens acosta al paper clau que exerceix el BSC en aquest escenari, tant en el desplegament d&#8217;infraestructures com les <strong data-start=\"1328\" data-end=\"1344\">IA Factories<\/strong>, com en la creaci\u00f3 d&#8217;una <strong data-start=\"1373\" data-end=\"1442\">acceleradora de startups especialitzades en intel\u00b7lig\u00e8ncia artificial<\/strong>, una iniciativa que busca fer cr\u00e9ixer l&#8217;ecosistema i generar un impacte real en el teixit productiu.<\/p>\n<p data-start=\"1550\" data-end=\"1759\">Una entrevista que ens ajuda a entendre per qu\u00e8 <strong data-start=\"1598\" data-end=\"1674\">Europa encara pot ser protagonista en la carrera per una IA amb prop\u00f2sit,<\/strong> i com podem aconseguir que les petites i mitjanes empreses no es quedin fora.<\/p>\n<p><iframe loading=\"lazy\" title=\"07. Entrando en matteria_ con Mariona Sanz\" width=\"640\" height=\"360\" src=\"https:\/\/www.youtube.com\/embed\/A7JFrP14gdE?feature=oembed\" frameborder=\"0\" allow=\"accelerometer; autoplay; clipboard-write; encrypted-media; gyroscope; picture-in-picture; web-share\" referrerpolicy=\"strict-origin-when-cross-origin\" allowfullscreen><\/iframe><\/p>\n<p>Per a moltes d&#8217;aquestes empreses, la intel\u00b7lig\u00e8ncia artificial ja pot comen\u00e7ar a aplicar-se en \u00e0mbits concrets com <strong data-start=\"1874\" data-end=\"1935\">l&#8217;automatitzaci\u00f3 de respostes en l&#8217;atenci\u00f3 al client,<\/strong> una acci\u00f3 senzilla que pot marcar una gran difer\u00e8ncia en l&#8217;efici\u00e8ncia del dia a dia. Si vols veure com fer aquest primer pas, pot interessar-te <a href=\"https:\/\/matteria.si\/blog\/la-inteligencia-artificial-transforma-la-experiencia-del-cliente\/\">aquesta reflexi\u00f3 sobre casos d&#8217;\u00fas concrets en l&#8217;\u00e0mbit operatiu.<\/a> <\/p>\n","protected":false},"excerpt":{"rendered":"<p>\u00abEntrant en matteria_\u00bb \u00e9s un espai de conversa en el qual ens trobem amb diferents professionals per a parlar sobre l&#8217;entorn empresarial i els reptes digitals. Aquesta vegada entrem en matteria_ amb Mariona Sanz, directora d&#8217;Innovaci\u00f3 i Desenvolupament de Negoci al Barcelona Supercomputing Center \u2013 Centre Nacional de Supercomputaci\u00f3 (BSC), per a parlar sobre intel\u00b7lig\u00e8ncia [&#8230;]<\/p>\n<p><a class=\"btn btn-secondary understrap-read-more-link\" href=\"https:\/\/matteria.si\/ca\/blog\/07-entrant-en-matteria_-amb-mariona-sanz\/\">Continua llegint&#8230;<span class=\"screen-reader-text\"> from 07. Entrant en matteria_ amb Mariona Sanz<\/span><\/a><\/p>\n","protected":false},"author":1,"featured_media":27621,"comment_status":"closed","ping_status":"closed","sticky":false,"template":"","format":"standard","meta":{"_acf_changed":false,"footnotes":""},"categories":[20,18],"tags":[],"class_list":["post-27829","post","type-post","status-publish","format-standard","has-post-thumbnail","hentry","category-matteria_","category-reflexions"],"acf":[],"_links":{"self":[{"href":"https:\/\/matteria.si\/ca\/wp-json\/wp\/v2\/posts\/27829","targetHints":{"allow":["GET"]}}],"collection":[{"href":"https:\/\/matteria.si\/ca\/wp-json\/wp\/v2\/posts"}],"about":[{"href":"https:\/\/matteria.si\/ca\/wp-json\/wp\/v2\/types\/post"}],"author":[{"embeddable":true,"href":"https:\/\/matteria.si\/ca\/wp-json\/wp\/v2\/users\/1"}],"replies":[{"embeddable":true,"href":"https:\/\/matteria.si\/ca\/wp-json\/wp\/v2\/comments?post=27829"}],"version-history":[{"count":5,"href":"https:\/\/matteria.si\/ca\/wp-json\/wp\/v2\/posts\/27829\/revisions"}],"predecessor-version":[{"id":44159,"href":"https:\/\/matteria.si\/ca\/wp-json\/wp\/v2\/posts\/27829\/revisions\/44159"}],"wp:featuredmedia":[{"embeddable":true,"href":"https:\/\/matteria.si\/ca\/wp-json\/wp\/v2\/media\/27621"}],"wp:attachment":[{"href":"https:\/\/matteria.si\/ca\/wp-json\/wp\/v2\/media?parent=27829"}],"wp:term":[{"taxonomy":"category","embeddable":true,"href":"https:\/\/matteria.si\/ca\/wp-json\/wp\/v2\/categories?post=27829"},{"taxonomy":"post_tag","embeddable":true,"href":"https:\/\/matteria.si\/ca\/wp-json\/wp\/v2\/tags?post=27829"}],"curies":[{"name":"wp","href":"https:\/\/api.w.org\/{rel}","templated":true}]}}