{"id":388,"date":"2024-04-16T12:11:42","date_gmt":"2024-04-16T10:11:42","guid":{"rendered":"https:\/\/stage.matteria.si\/?p=388"},"modified":"2025-06-06T11:41:32","modified_gmt":"2025-06-06T09:41:32","slug":"03-entrant-en-matteria_-amb-carmen-pacheco","status":"publish","type":"post","link":"https:\/\/matteria.si\/ca\/blog\/03-entrant-en-matteria_-amb-carmen-pacheco\/","title":{"rendered":"03. Entrant en matteria_ amb Carmen Pacheco"},"content":{"rendered":"<p><img loading=\"lazy\" decoding=\"async\" class=\"alignnone wp-image-389\" src=\"https:\/\/stage.matteria.si\/wp-content\/uploads\/2024\/12\/entrando_en_matteria_carmen_pacheco_2-300x143.webp\" alt=\"\" width=\"913\" height=\"435\" srcset=\"https:\/\/matteria.si\/wp-content\/uploads\/2024\/12\/entrando_en_matteria_carmen_pacheco_2-300x143.webp 300w, https:\/\/matteria.si\/wp-content\/uploads\/2024\/12\/entrando_en_matteria_carmen_pacheco_2-768x367.webp 768w, https:\/\/matteria.si\/wp-content\/uploads\/2024\/12\/entrando_en_matteria_carmen_pacheco_2.webp 838w\" sizes=\"auto, (max-width: 913px) 100vw, 913px\" \/><\/p>\n<h2>\u201cEntrant en matteria_ \u201d \u00c9s un espai de conversa en el qual ens trobem amb diferents professionals per a parlar sobre l\u2019entorn empresarial i els desafiaments digitals.<\/h2>\n<p>Continuem entrant en matteria_, aquesta vegada amb\u00a0<a href=\"https:\/\/carmenpacheco.es\/\" target=\"_blank\" rel=\"noopener\">Carmen Pacheco<\/a>, consultora creativa, transcreator i escriptora.<\/p>\n<p><strong>Avui ens toca parlar de podcast.<\/strong>\u00a0Parlem amb la Carmen sobre la creixent tend\u00e8ncia dels podcasts patrocinats per marques, el vincle que s\u2019estableix amb l\u2019audi\u00e8ncia, el futur de la creaci\u00f3 de podcast i els reptes que afrontar\u00e0 amb la IA. La Carmen ha co-creat podcasts d\u2019\u00e8xit com \u201cBlum\u201d i \u201cSantuario\u201d.\u00a0<a href=\"https:\/\/blum.myswitzerland.com\/\" target=\"_blank\" rel=\"noopener\">Blum<\/a>, \u00e9s una ficci\u00f3 sonora que va crear juntament amb Manuel Bartual, un\u00a0<strong>podcast de branded content patrocinat per Turisme de Su\u00efssa que va triomfar entre els oients<\/strong>\u00a0aconseguint el seu objectiu: despertar l\u2019inter\u00e8s per viatjar a Su\u00efssa. Aquesta conversa amb la Carmen ens permet endinsar-nos en el m\u00f3n de les hist\u00f2ries sonores i del\u00a0<strong>paper que juguen les marques darrere d\u2019elles<\/strong>. I ens preguntem:<strong>quin ser\u00e0 el futur del podcast?<\/strong>, una q\u00fcesti\u00f3 que vam abordar l\u2019any passat en aquest article: \u201c<a href=\"http:\/\/matteria.si\/blog\/la-guerra-por-el-micro-cual-sera-el-futuro-del-podcast\/\" target=\"_blank\" rel=\"noopener\">La guerra pel el micro: Quin ser\u00e0 el futur del podcast?<\/a>\u201d i sobre la qual tornem a reflexionar en aquest v\u00eddeo.<\/p>\n<p><strong>Mira l\u2019entrevista i descobreix quin \u00e9s el paper de les marques, els creadors i l\u2019audi\u00e8ncia:<\/strong><\/p>\n<p><iframe loading=\"lazy\" title=\"03. Entrando en matteria_ con Carmen Pacheco\" width=\"640\" height=\"360\" src=\"https:\/\/www.youtube.com\/embed\/gV7go56KLTU?feature=oembed\" frameborder=\"0\" allow=\"accelerometer; autoplay; clipboard-write; encrypted-media; gyroscope; picture-in-picture; web-share\" referrerpolicy=\"strict-origin-when-cross-origin\" allowfullscreen><\/iframe><\/p>\n<h2>Destacats:<\/h2>\n<ol>\n<li>\u201cAbans nom\u00e9s pod\u00edem escoltar m\u00fasica o la r\u00e0dio i ara podem triar entre una quantitat enorme de diferents continguts en format podcast\u201d<\/li>\n<li>\u201cEl vincle amb el podcast \u00e9s una mica m\u00e9s estret que amb l\u2019audiovisual, es genera una sensaci\u00f3 d\u2019intimitat que enganxa als oients\u201d<\/li>\n<li>\u201cQuan crees un podcast branded vols sumar-te al vincle que s\u2019estableix entre l\u2019oient i el contingut i no imposar els esments a la marca de manera for\u00e7ada\u201d<\/li>\n<li>\u201cBlum \u00e9s un podcast de contingut patrocinat per Turisme de Su\u00efssa. Relata les aventures de la protagonista que la portar\u00e0 a rec\u00f3rrer 9 ciutats helv\u00e8tiques, desxifrar obres d\u2019art i visitar llocs diferents de la ciutat\u201d<\/li>\n<li>\u201cLa monetitzaci\u00f3 en el m\u00f3n del podcast \u00e9s un desafiament, perqu\u00e8 existeix una enorme quantitat de contingut de la millor qualitat i est\u00e0 tot en obert\u201d<\/li>\n<li>\u201cEl paper de les marques \u00e9s fonamental perqu\u00e8 pugui sobreviure un cert tipus de contingut, ja sigui a trav\u00e9s de publicitat, patrocinis o branded\u201d<\/li>\n<li>\u201cTamb\u00e9 \u00e9s una gran oportunitat per a les marques, ja que amb una inversi\u00f3 redu\u00efda poden entrar a formar part del vincle tan estret entre creadors i la seva comunitat\u201d<\/li>\n<li>\u201cContinuaran proliferant aquest tipus de formats h\u00edbrids de podcasts audiovisuals ja que el mateix contingut \u00e9s aprofitable per a diferents plataformes\u201d<\/li>\n<li>\u201cHi haur\u00e0 una tend\u00e8ncia creixent en l\u2019adaptaci\u00f3 de podcast a l\u2019audiovisual. Sigui de ficcions sonores que despr\u00e9s es converteixen en s\u00e8ries de televisi\u00f3 o formats documentals que s\u2019adapten a l\u2019audiovisual\u201d<\/li>\n<li>\u201cLa IA es comen\u00e7ar\u00e0 a aplicar en diferents fases del proc\u00e9s de creaci\u00f3 del podcast com una eina m\u00e9s. \u00c9s inevitable i si se li dona un bon \u00fas pot ser una cosa positiva\u201d<\/li>\n<li>\u201cSegurament arribar\u00e0 el moment en qu\u00e8 la IA generar\u00e0 un podcast entre persones que no existeixen, i probablement es converteix en un fenomen viral. El problema ser\u00e0 que es normalitzi\u201d<\/li>\n<\/ol>\n","protected":false},"excerpt":{"rendered":"<p>\u201cEntrant en matteria_ \u201d \u00c9s un espai de conversa en el qual ens trobem amb diferents professionals per a parlar sobre l\u2019entorn empresarial i els desafiaments digitals. Continuem entrant en matteria_, aquesta vegada amb\u00a0Carmen Pacheco, consultora creativa, transcreator i escriptora. Avui ens toca parlar de podcast.\u00a0Parlem amb la Carmen sobre la creixent tend\u00e8ncia dels podcasts [&#8230;]<\/p>\n<p><a class=\"btn btn-secondary understrap-read-more-link\" href=\"https:\/\/matteria.si\/ca\/blog\/03-entrant-en-matteria_-amb-carmen-pacheco\/\">Continua llegint&#8230;<span class=\"screen-reader-text\"> from 03. Entrant en matteria_ amb Carmen Pacheco<\/span><\/a><\/p>\n","protected":false},"author":1,"featured_media":27621,"comment_status":"open","ping_status":"open","sticky":false,"template":"","format":"standard","meta":{"_acf_changed":false,"footnotes":""},"categories":[18],"tags":[],"class_list":["post-388","post","type-post","status-publish","format-standard","has-post-thumbnail","hentry","category-reflexions"],"acf":[],"_links":{"self":[{"href":"https:\/\/matteria.si\/ca\/wp-json\/wp\/v2\/posts\/388","targetHints":{"allow":["GET"]}}],"collection":[{"href":"https:\/\/matteria.si\/ca\/wp-json\/wp\/v2\/posts"}],"about":[{"href":"https:\/\/matteria.si\/ca\/wp-json\/wp\/v2\/types\/post"}],"author":[{"embeddable":true,"href":"https:\/\/matteria.si\/ca\/wp-json\/wp\/v2\/users\/1"}],"replies":[{"embeddable":true,"href":"https:\/\/matteria.si\/ca\/wp-json\/wp\/v2\/comments?post=388"}],"version-history":[{"count":4,"href":"https:\/\/matteria.si\/ca\/wp-json\/wp\/v2\/posts\/388\/revisions"}],"predecessor-version":[{"id":1210,"href":"https:\/\/matteria.si\/ca\/wp-json\/wp\/v2\/posts\/388\/revisions\/1210"}],"wp:featuredmedia":[{"embeddable":true,"href":"https:\/\/matteria.si\/ca\/wp-json\/wp\/v2\/media\/27621"}],"wp:attachment":[{"href":"https:\/\/matteria.si\/ca\/wp-json\/wp\/v2\/media?parent=388"}],"wp:term":[{"taxonomy":"category","embeddable":true,"href":"https:\/\/matteria.si\/ca\/wp-json\/wp\/v2\/categories?post=388"},{"taxonomy":"post_tag","embeddable":true,"href":"https:\/\/matteria.si\/ca\/wp-json\/wp\/v2\/tags?post=388"}],"curies":[{"name":"wp","href":"https:\/\/api.w.org\/{rel}","templated":true}]}}