{"id":434,"date":"2024-01-15T12:56:05","date_gmt":"2024-01-15T11:56:05","guid":{"rendered":"https:\/\/stage.matteria.si\/?p=434"},"modified":"2025-03-10T12:14:26","modified_gmt":"2025-03-10T11:14:26","slug":"programa-kit-digital-que-es-i-com-funciona","status":"publish","type":"post","link":"https:\/\/matteria.si\/ca\/blog\/programa-kit-digital-que-es-i-com-funciona\/","title":{"rendered":"Programa Kit Digital: Qu\u00e8 \u00e9s i com funciona?"},"content":{"rendered":"<p><img loading=\"lazy\" decoding=\"async\" class=\"alignnone wp-image-807\" src=\"https:\/\/stage.matteria.si\/wp-content\/uploads\/2024\/01\/matteria_blog_programa_kit_digital-3-300x106.webp\" alt=\"\" width=\"911\" height=\"322\" srcset=\"https:\/\/matteria.si\/wp-content\/uploads\/2024\/01\/matteria_blog_programa_kit_digital-3-300x106.webp 300w, https:\/\/matteria.si\/wp-content\/uploads\/2024\/01\/matteria_blog_programa_kit_digital-3-768x272.webp 768w, https:\/\/matteria.si\/wp-content\/uploads\/2024\/01\/matteria_blog_programa_kit_digital-3.webp 838w\" sizes=\"auto, (max-width: 911px) 100vw, 911px\" \/><\/p>\n<p>En l\u2019era de la <strong>transformaci\u00f3 digital<\/strong>, el <a href=\"https:\/\/portal.gestion.sedepkd.red.gob.es\/portal\/kitdigital\" target=\"_blank\" rel=\"noopener\">Programa Kit Digital<\/a> es presenta com una <strong>soluci\u00f3 clau per a la digitalitzaci\u00f3 d\u2019empreses<\/strong>. Aquest programa governamental busca potenciar la digitalitzaci\u00f3 de negocis, permetent una transici\u00f3 fluida cap a <strong>operacions digitals m\u00e9s eficients i competitives<\/strong>.<\/p>\n<h2>Que \u00e9s el programa Kit Digital?: Digitalitza el teu negoci amb ajudes econ\u00f2miques<\/h2>\n<p>El Kit Digital \u00e9s una iniciativa que <a href=\"https:\/\/www.accio.gencat.cat\/ca\/serveis\/cercador-ajuts-empresa\/ajutsiserveis\/21832-next-generation-eu-kit-digital-transformacio-digital-pimes-autonoms\" target=\"_blank\" rel=\"noopener\">promou la digitalitzaci\u00f3 de PIME i aut\u00f2noms<\/a>. El seu objectiu \u00e9s oferir acc\u00e9s a eines digitals avan\u00e7ades, fonamentals en l\u2019era de l\u2019empresa digital. <strong>Aquest programa facilita l\u2019adquisici\u00f3 de solucions digitals, contribuint a una millora significativa de la productivitat i competitivitat<\/strong> dels negocis.<\/p>\n<h2>Com em puc beneficiar?<\/h2>\n<p>Et pots beneficiar del Programa Kit Digital de diverses maneres, <strong>segons la mida i les necessitats espec\u00edfiques de la teva empresa<\/strong>.<\/p>\n<p>Si el teu negoci t\u00e9 entre <strong>10 i 49 treballadors, pots accedir a una subvenci\u00f3 de fins a 12.000 \u20ac<\/strong>, mentre que les empreses amb <strong>3 a 9 treballadors s\u00f3n elegibles per rebre fins a 6.000 \u20ac<\/strong>. Per altra banda, les microempreses o aut\u00f2noms amb <strong>1 o 2 treballadors poden obtenir una ajuda de fins a 2.000 \u20ac<\/strong>.<\/p>\n<p>Aquest suport econ\u00f2mic permet triar i adaptar les solucions digitalitzadores incloses en el Kit Digital a les necessitats espec\u00edfiques del teu negoci, assegurant una transformaci\u00f3 digital efectiva i beneficiosa. Amb aquestes ajudes, <strong>pots millorar aspectes crucials com la gesti\u00f3 de clients, l\u2019efici\u00e8ncia en la comunicaci\u00f3 interna i externa, optimitzar el teu comer\u00e7 electr\u00f2nic o refor\u00e7ar la seguretat digital<\/strong>, entre altres.<\/p>\n<h2>Quins s\u00f3n els requisits per sol\u00b7licitar l&#8217;ajuda?<\/h2>\n<p>Per a sol\u00b7licitar l&#8217;ajuda del Programa Kit Digital, <strong>\u00e9s necessari complir amb una s\u00e8rie de requisits clau que garanteixen l&#8217;elegibilitat de la teva empresa o activitat com a aut\u00f2nom.<\/strong><\/p>\n<p>Primer, has de ser una <strong>petita empresa, microempresa o aut\u00f2nom<\/strong>, assegurant-te de complir amb els l\u00edmits financers i de personal que defineixen aquestes categories. A m\u00e9s, \u00e9s crucial estar en situaci\u00f3 d&#8217;alta i comptar amb l&#8217;antiguitat m\u00ednima establerta per la convocat\u00f2ria corresponent.<\/p>\n<p><strong>La teva empresa no ha de ser considerada en crisi<\/strong>, segons la definici\u00f3 de la Uni\u00f3 Europea, i \u00e9s essencial estar al corrent en les obligacions tribut\u00e0ries i amb la Seguretat Social. Tamb\u00e9, \u00e9s important que la teva empresa no estigui subjecta a cap ordre de recuperaci\u00f3 pendent de la Comissi\u00f3 Europea, que hagi declarat una ajuda pr\u00e8via com a il\u00b7legal i incompatible amb el mercat com\u00fa.<\/p>\n<p>Un altre aspecte a tenir en compte \u00e9s el <strong>compliment dels requisits establerts en l&#8217;article 13.2 de la Llei 38\/2003<\/strong>, de 17 de novembre, General de Subvencions, que inclou no inc\u00f3rrer en prohibicions com estar inhabilitat penal o administrativament. Finalment, la teva empresa no ha de superar el l\u00edmit d&#8217;ajudes m\u00ednimes, \u00e9s a dir, les ajudes de petita quantia establertes per la normativa europea.<\/p>\n<p>Complint aquests requisits, la teva empresa o activitat com a aut\u00f2nom estar\u00e0 en condicions de sol\u00b7licitar l&#8217;ajuda del Kit Digital, la qual cosa representa una gran oportunitat per a avan\u00e7ar en la digitalitzaci\u00f3 i millorar la competitivitat en el mercat actual. <strong>Podr\u00e0s sol\u00b7licitar-ho a <a href=\"https:\/\/www.acelerapyme.es\/\" target=\"_blank\" rel=\"noopener\">Acelera Pime<\/a>, una iniciativa liderada pel govern d&#8217;Espanya.<\/strong><\/p>\n<h2>Beneficis del Kit Digital<\/h2>\n<p><strong>Adoptar el Kit Digital comporta m\u00faltiples beneficis<\/strong>. L&#8217;automatitzaci\u00f3 de tasques i la gesti\u00f3 eficient de projectes permeten a les empreses centrar-se en activitats de major valor. A m\u00e9s, aquestes eines faciliten el treball remot, oferint acc\u00e9s a talent global. Un altre benefici destacable \u00e9s <strong>l&#8217;augment de la visibilitat i l&#8217;abast en el mercat<\/strong>, la qual cosa \u00e9s vital en l&#8217;entorn digital.<\/p>\n<h3>Beneficis per les Empreses<\/h3>\n<p><strong>Les empreses que adopten una estrat\u00e8gia digital poden esperar una s\u00e8rie de <a href=\"https:\/\/matteria.si\/ca\/blog\/avantatges-per-a-digitalitzar-el-teu-negoci\/\">beneficis<\/a><\/strong>, com ara una major efici\u00e8ncia operativa, millor comprensi\u00f3 del client i un augment de la competitivitat al mercat.<\/p>\n<h2>Implementaci\u00f3 efectiva: digitalitza la teva empresa amb \u00e8xit<\/h2>\n<p>La implementaci\u00f3 del Kit Digital requereix una estrat\u00e8gia ben planificada. Comen\u00e7a amb una an\u00e0lisi detallada de les necessitats de l&#8217;empresa, seguit de la selecci\u00f3 d&#8217;eines apropiades i un pla de capacitaci\u00f3 del personal. <strong>Mantenir una comunicaci\u00f3 clara i constant \u00e9s crucial durant aquest proc\u00e9s, assegurant una transici\u00f3 efectiva cap a una PIME digital.<\/strong><\/p>\n<p>A matteria_ et comptem les <a href=\"https:\/\/matteria.si\/ca\/blog\/10-claus-per-digitalitzar-la-teva-empresa\/\">10 claus essencials per a digitalitzar la teva empresa amb \u00e8xit<\/a> i, si vols, <strong>et podem acompanyar en el proc\u00e9s.<\/strong><\/p>\n<h2>Digitalitza la teva empresa ara<\/h2>\n<p>Si est\u00e0s llest o llesta per a <strong>fer un salt cap a la digitalitzaci\u00f3 i vols aprofitar al m\u00e0xim els beneficis del Programa Kit Digital<\/strong>, a matteria_ som aqu\u00ed per a ajudar-te.<\/p>\n<p>Entenem que el proc\u00e9s de tramitaci\u00f3 i el desenvolupament d&#8217;una estrat\u00e8gia digital efectiva poden ser complexos, per\u00f2 <strong>amb el nostre equip d&#8217;experts, el cam\u00ed ser\u00e0 clar i senzill<\/strong>. T&#8217;oferim assist\u00e8ncia personalitzada en cada pas, des de la sol\u00b7licitud de l&#8217;ajuda fins a la implementaci\u00f3 de les solucions digitals m\u00e9s adequades per al teu negoci. <strong>No deixis passar aquesta oportunitat de transformar i potenciar la teva empresa o activitat com a aut\u00f2nom en el m\u00f3n digital<\/strong>. Contacta amb nosaltres avui mateix i comen\u00e7a el teu viatge cap a la innovaci\u00f3 i l&#8217;\u00e8xit en l&#8217;era digital.<\/p>\n<p>En conclusi\u00f3, <strong>el Kit Digital \u00e9s una eina essencial per a l&#8217;adaptaci\u00f3 i creixement en el m\u00f3n digital actual.<\/strong> Ofereix nombrosos beneficis i obre portes a noves oportunitats per a les empreses que busquen prosperar en l&#8217;era digital. Amb la digitalitzaci\u00f3 com a eix central de l&#8217;estrat\u00e8gia empresarial, <strong>el Kit Digital s&#8217;estableix com un recurs valu\u00f3s per a impulsar el desenvolupament i la innovaci\u00f3 tecnol\u00f2gica en l&#8217;\u00e0mbit empresarial.<\/strong><\/p>\n","protected":false},"excerpt":{"rendered":"<p>En l\u2019era de la transformaci\u00f3 digital, el Programa Kit Digital es presenta com una soluci\u00f3 clau per a la digitalitzaci\u00f3 d\u2019empreses. Aquest programa governamental busca potenciar la digitalitzaci\u00f3 de negocis, permetent una transici\u00f3 fluida cap a operacions digitals m\u00e9s eficients i competitives. Que \u00e9s el programa Kit Digital?: Digitalitza el teu negoci amb ajudes econ\u00f2miques [&#8230;]<\/p>\n<p><a class=\"btn btn-secondary understrap-read-more-link\" href=\"https:\/\/matteria.si\/ca\/blog\/programa-kit-digital-que-es-i-com-funciona\/\">Continua llegint&#8230;<span class=\"screen-reader-text\"> from Programa Kit Digital: Qu\u00e8 \u00e9s i com funciona?<\/span><\/a><\/p>\n","protected":false},"author":1,"featured_media":2780,"comment_status":"open","ping_status":"open","sticky":false,"template":"","format":"standard","meta":{"_acf_changed":false,"footnotes":""},"categories":[19],"tags":[],"class_list":["post-434","post","type-post","status-publish","format-standard","has-post-thumbnail","hentry","category-negoci-digital"],"acf":[],"_links":{"self":[{"href":"https:\/\/matteria.si\/ca\/wp-json\/wp\/v2\/posts\/434","targetHints":{"allow":["GET"]}}],"collection":[{"href":"https:\/\/matteria.si\/ca\/wp-json\/wp\/v2\/posts"}],"about":[{"href":"https:\/\/matteria.si\/ca\/wp-json\/wp\/v2\/types\/post"}],"author":[{"embeddable":true,"href":"https:\/\/matteria.si\/ca\/wp-json\/wp\/v2\/users\/1"}],"replies":[{"embeddable":true,"href":"https:\/\/matteria.si\/ca\/wp-json\/wp\/v2\/comments?post=434"}],"version-history":[{"count":4,"href":"https:\/\/matteria.si\/ca\/wp-json\/wp\/v2\/posts\/434\/revisions"}],"predecessor-version":[{"id":1216,"href":"https:\/\/matteria.si\/ca\/wp-json\/wp\/v2\/posts\/434\/revisions\/1216"}],"wp:featuredmedia":[{"embeddable":true,"href":"https:\/\/matteria.si\/ca\/wp-json\/wp\/v2\/media\/2780"}],"wp:attachment":[{"href":"https:\/\/matteria.si\/ca\/wp-json\/wp\/v2\/media?parent=434"}],"wp:term":[{"taxonomy":"category","embeddable":true,"href":"https:\/\/matteria.si\/ca\/wp-json\/wp\/v2\/categories?post=434"},{"taxonomy":"post_tag","embeddable":true,"href":"https:\/\/matteria.si\/ca\/wp-json\/wp\/v2\/tags?post=434"}],"curies":[{"name":"wp","href":"https:\/\/api.w.org\/{rel}","templated":true}]}}