{"id":442,"date":"2023-11-24T09:50:48","date_gmt":"2023-11-24T08:50:48","guid":{"rendered":"https:\/\/stage.matteria.si\/?p=442"},"modified":"2025-03-10T12:17:59","modified_gmt":"2025-03-10T11:17:59","slug":"2-anys-entrant-en-matteria_","status":"publish","type":"post","link":"https:\/\/matteria.si\/ca\/blog\/2-anys-entrant-en-matteria_\/","title":{"rendered":"2 anys entrant en matteria_"},"content":{"rendered":"<p><img loading=\"lazy\" decoding=\"async\" class=\"alignnone wp-image-1691\" src=\"https:\/\/stage.matteria.si\/wp-content\/uploads\/2023\/11\/matteria_blog_2a_os_entrando_en_matteria-3-300x106.webp\" alt=\"\" width=\"917\" height=\"324\" srcset=\"https:\/\/matteria.si\/wp-content\/uploads\/2023\/11\/matteria_blog_2a_os_entrando_en_matteria-3-300x106.webp 300w, https:\/\/matteria.si\/wp-content\/uploads\/2023\/11\/matteria_blog_2a_os_entrando_en_matteria-3-768x272.webp 768w, https:\/\/matteria.si\/wp-content\/uploads\/2023\/11\/matteria_blog_2a_os_entrando_en_matteria-3.webp 838w\" sizes=\"auto, (max-width: 917px) 100vw, 917px\" \/><\/p>\n<p>&nbsp;<\/p>\n<p>Hola,<\/p>\n<p>Si est\u00e0s llegint aquest missatge, \u00e9s perqu\u00e8 d\u2019una manera o altra, has estat part del nostre viatge. Avui a matteria_ estem de celebraci\u00f3, fem dos anys i hem cregut que era una ocasi\u00f3 prou especial com per compartir-la amb tu.<\/p>\n<p>En aquests dos anys, hem tingut la sort de treballar amb m\u00e9s de 50\u00a0<a href=\"https:\/\/matteria.si\/ca\/#clientes\" target=\"_blank\" rel=\"noopener\">clients<\/a>\u00a0amb els quals hem fet quasi 100\u00a0<a href=\"https:\/\/matteria.si\/ca\/casos-dexit\/\" target=\"_blank\" rel=\"noopener\">projectes<\/a>. Podem dir amb certesa que ens hem guanyat la confian\u00e7a de la majoria d\u2019ells i, que en tots els casos, la nostra feina i forma de fer han estat ben valorades. Una mostra d\u2019aix\u00f2 \u00e9s que amb molts d\u2019aquests clients hem establert relacions fortes i duradores que ens han perm\u00e8s seguir acompanyant-los en els seus reptes de negoci.<\/p>\n<p>I qu\u00e8 podem dir del nostre\u00a0<a href=\"https:\/\/matteria.si\/ca\/equip\/\" target=\"_blank\" rel=\"noopener\">equip<\/a>! \u00c9s una de les coses que m\u00e9s ens enorgulleix d\u2019aquesta aventura. En aquests dos anys, no nom\u00e9s hem crescut en nombre, sin\u00f3 tamb\u00e9 en diversitat i talent. M\u00e9s de 30 col\u00b7laboradors i diversos partners s\u2019han unit al nostre ecosistema, aportant el seu coneixement i professionalitat en cada projecte.<\/p>\n<p>A m\u00e9s, creiem fermament que el com \u00e9s igual d\u2019important que el qu\u00e8, per aquest motiu els nostres\u00a0<a href=\"https:\/\/matteria.si\/ca\/nosaltres\/#els-nostres-principis\" target=\"_blank\" rel=\"noopener\">principis i valors<\/a>\u00a0s\u00f3n fonamentals i orienten la nostra activitat. Un exemple d\u2019aix\u00f2 \u00e9s que ens hem comprom\u00e8s a plantar 10 arbres per cada nou client. En aquests dos anys ja n\u2019hem plantat\u00a0<a href=\"https:\/\/tree-nation.com\/es\/perfil\/matteria\" target=\"_blank\" rel=\"noopener\">500<\/a>\u00a0i hem compensat gaireb\u00e9 100 tones de CO\u2082, generant un impacte positiu en el nostre planeta.<\/p>\n<p>El nostre comprom\u00eds tamb\u00e9 s\u2019est\u00e9n a la vida dins de matteria_, on fomentem activament la conciliaci\u00f3, la igualtat i la diversitat. Creiem que un ambient laboral saludable i respectu\u00f3s, no nom\u00e9s millora la nostra feina, sin\u00f3 que tamb\u00e9 enriqueix les nostres vides.<\/p>\n<p>Per concloure us volem donar les gr\u00e0cies a tots, un cop m\u00e9s, per caminar al nostre costat en aquest viatge. Per molts m\u00e9s anys de creixement, aprenentatge i projectes que deixin empremta. O com ens agrada dir a nosaltres, per molts m\u00e9s anys entrant en matteria_.<\/p>\n<p>L\u2019equip de matteria_<\/p>\n","protected":false},"excerpt":{"rendered":"<p>&nbsp; Hola, Si est\u00e0s llegint aquest missatge, \u00e9s perqu\u00e8 d\u2019una manera o altra, has estat part del nostre viatge. Avui a matteria_ estem de celebraci\u00f3, fem dos anys i hem cregut que era una ocasi\u00f3 prou especial com per compartir-la amb tu. En aquests dos anys, hem tingut la sort de treballar amb m\u00e9s de [&#8230;]<\/p>\n<p><a class=\"btn btn-secondary understrap-read-more-link\" href=\"https:\/\/matteria.si\/ca\/blog\/2-anys-entrant-en-matteria_\/\">Continua llegint&#8230;<span class=\"screen-reader-text\"> from 2 anys entrant en matteria_<\/span><\/a><\/p>\n","protected":false},"author":1,"featured_media":2669,"comment_status":"open","ping_status":"open","sticky":false,"template":"","format":"standard","meta":{"_acf_changed":false,"footnotes":""},"categories":[20],"tags":[],"class_list":["post-442","post","type-post","status-publish","format-standard","has-post-thumbnail","hentry","category-matteria_"],"acf":[],"_links":{"self":[{"href":"https:\/\/matteria.si\/ca\/wp-json\/wp\/v2\/posts\/442","targetHints":{"allow":["GET"]}}],"collection":[{"href":"https:\/\/matteria.si\/ca\/wp-json\/wp\/v2\/posts"}],"about":[{"href":"https:\/\/matteria.si\/ca\/wp-json\/wp\/v2\/types\/post"}],"author":[{"embeddable":true,"href":"https:\/\/matteria.si\/ca\/wp-json\/wp\/v2\/users\/1"}],"replies":[{"embeddable":true,"href":"https:\/\/matteria.si\/ca\/wp-json\/wp\/v2\/comments?post=442"}],"version-history":[{"count":5,"href":"https:\/\/matteria.si\/ca\/wp-json\/wp\/v2\/posts\/442\/revisions"}],"predecessor-version":[{"id":1695,"href":"https:\/\/matteria.si\/ca\/wp-json\/wp\/v2\/posts\/442\/revisions\/1695"}],"wp:featuredmedia":[{"embeddable":true,"href":"https:\/\/matteria.si\/ca\/wp-json\/wp\/v2\/media\/2669"}],"wp:attachment":[{"href":"https:\/\/matteria.si\/ca\/wp-json\/wp\/v2\/media?parent=442"}],"wp:term":[{"taxonomy":"category","embeddable":true,"href":"https:\/\/matteria.si\/ca\/wp-json\/wp\/v2\/categories?post=442"},{"taxonomy":"post_tag","embeddable":true,"href":"https:\/\/matteria.si\/ca\/wp-json\/wp\/v2\/tags?post=442"}],"curies":[{"name":"wp","href":"https:\/\/api.w.org\/{rel}","templated":true}]}}