{"id":476,"date":"2023-06-09T10:16:46","date_gmt":"2023-06-09T08:16:46","guid":{"rendered":"https:\/\/stage.matteria.si\/?p=476"},"modified":"2025-03-10T11:43:17","modified_gmt":"2025-03-10T10:43:17","slug":"apple-vision-pro-el-futur-de-la-realitat-augmentada-i-un-impuls-cap-al-metavers","status":"publish","type":"post","link":"https:\/\/matteria.si\/ca\/blog\/apple-vision-pro-el-futur-de-la-realitat-augmentada-i-un-impuls-cap-al-metavers\/","title":{"rendered":"Apple Vision Pro: El futur de la realitat augmentada i un impuls cap al Metavers"},"content":{"rendered":"<p><img loading=\"lazy\" decoding=\"async\" class=\"alignnone wp-image-628\" src=\"https:\/\/stage.matteria.si\/wp-content\/uploads\/2023\/06\/matteria_blog_apple_vision_pro_2-300x143.webp\" alt=\"\" width=\"915\" height=\"436\" srcset=\"https:\/\/matteria.si\/wp-content\/uploads\/2023\/06\/matteria_blog_apple_vision_pro_2-300x143.webp 300w, https:\/\/matteria.si\/wp-content\/uploads\/2023\/06\/matteria_blog_apple_vision_pro_2-768x367.webp 768w, https:\/\/matteria.si\/wp-content\/uploads\/2023\/06\/matteria_blog_apple_vision_pro_2.webp 838w\" sizes=\"auto, (max-width: 915px) 100vw, 915px\" \/><\/p>\n<p>Permeteu-me ser una mica provocador tenint en compte que si alguna cosa destaca del\u00a0<a class=\"mfp-iframe lightbox-added\" href=\"https:\/\/www.youtube.com\/watch?v=TX9qSaGXFyg\" target=\"_blank\" rel=\"noopener\">nou gadget d\u2019Apple<\/a>\u00a0\u00e9s la grand\u00e0ria de la \u201cpantalla\u201d o, per a ser exactes, la grand\u00e0ria de les lents, ja que es tracta de les primeres \u201culleres\u201d de realitat augmentada que ha creat la marca de Cupertino.<\/p>\n<p>Dilluns passat dia 5 de juny de 2023, pot ser una d\u2019aquestes dates marcades en el calendari de la hist\u00f2ria a les quals Apple ens t\u00e9 o m\u00e9s aviat ens va tenir acostumats a inicis de mil\u00b7lenni. Concretament:<\/p>\n<p><a class=\"mfp-iframe lightbox-added\" href=\"https:\/\/www.youtube.com\/watch?v=TX9qSaGXFyg\" target=\"_blank\" rel=\"noopener\">El 23 d\u2019octubre de 2001, dia en qu\u00e8 Apple \u201cva aixecar\u201d la categoria \u201cmp3\u201d amb el \u201cipod\u201d<\/a><br \/>\n<a class=\"mfp-iframe lightbox-added\" href=\"https:\/\/www.youtube.com\/watch?v=gkW05PT_jMw\" target=\"_blank\" rel=\"noopener\">El 28 d\u2019abril de 2003, dia en qu\u00e8 Apple \u201cva aixecar\u201d la categoria \u201cm\u00fasica en l\u00ednia\u201d amb \u201citunes\u201d<\/a><br \/>\n<a class=\"mfp-iframe lightbox-added\" href=\"https:\/\/www.youtube.com\/watch?v=EtVfHPZOsVU&amp;t=1s\" target=\"_blank\" rel=\"noopener\">El 9 de gener de 2007, dia en qu\u00e8 Apple \u201cva aixecar\u201d la categoria tel\u00e8fon intel\u00b7ligent amb el \u201ciphone\u201d<\/a><br \/>\n<a class=\"mfp-iframe lightbox-added\" href=\"https:\/\/www.youtube.com\/watch?v=6Fk1V5NqoD4\" target=\"_blank\" rel=\"noopener\">El 27 de gener de 2010, dia en qu\u00e8 Apple \u201cva aixecar\u201d la categoria tauleta amb l\u2019\u201cipad\u201d<\/a><\/p>\n<p>Al meu entendre totes aquestes dates suposen la creaci\u00f3 o rellan\u00e7ament de les seves respectives categories. Per\u00f2 des de 2010 no succeeix una cosa similar ja que ni l\u2019\u201cApple Watch\u201d, els \u201cAirpods\u201d o altres productes tenen l\u2019impacte d\u2019aquests quatre anteriors. Per tant, ser\u00e0 el 5 de juny de 2023, el dia en qu\u00e8 Apple \u201cva aixecar\u201d la categoria de realitat augmentada amb les \u201cApple Vision Pro\u201d?<\/p>\n<p>La hist\u00f2ria ho dir\u00e0, per\u00f2 per a tenir m\u00e9s context i saber m\u00e9s sobre el que pot succeir amb aquest llan\u00e7ament us recomano aquest\u00a0<a href=\"https:\/\/www.linkedin.com\/search\/results\/content\/?fromMember=%5B%22ACoAAAJCBYEB27PL6hh60kda8HgK_n1NvUkZVJ4%22%5D&amp;heroEntityKey=urn%3Ali%3Afsd_profile%3AACoAAAJCBYEB27PL6hh60kda8HgK_n1NvUkZVJ4&amp;keywords=edgar%20mart%C3%ADn-blas%20m%C3%A9ndez&amp;position=0&amp;searchId=3519c3a1-622e-4759-842e-3e65a307f467&amp;sid=h8D&amp;update=urn%3Ali%3Afs_updateV2%3A(urn%3Ali%3Aactivity%3A7071615463482343424%2CBLENDED_SEARCH_FEED%2CEMPTY%2CDEFAULT%2Cfalse)\" target=\"_blank\" rel=\"noopener\">post d\u2019Edgar Mart\u00edn-Blas, CEO i CO-founder de Virtual Voyager<\/a>, a Linkedin. Amb l\u2019Edgar vaig tenir el plaer de\u00a0<a href=\"https:\/\/relathia.com\/foro\/cpsulasrelathia-qu-es-el-metaverso\/\" target=\"_blank\" rel=\"noopener\">conversar el noviembre de 2021 a Reltahia<\/a>\u00a0i ja en aquesta data coment\u00e0vem que probablement un dels \u201cesdeveniments\u201d que revolucionaria l\u2019anomenat Metavers seria \u201cel moment en qu\u00e8 a Apple se li ocorregu\u00e9s fer unes ulleres\u201d, amb aquestes mateixes paraules.<\/p>\n<p>Aquest moment ha arribat, per\u00f2 el gran dubte \u00e9s si Apple aconseguir\u00e0 ser de veritat el gran activador del Metavers o m\u00e9s en concret de tecnologies com la realitat augmentada o la realitat mixta.<\/p>\n<p><img loading=\"lazy\" decoding=\"async\" class=\"alignnone wp-image-632\" src=\"https:\/\/stage.matteria.si\/wp-content\/uploads\/2023\/06\/matteria_blog_apple_vision_pro_3-300x143.webp\" alt=\"Persona utilitzant l'Apple Vision Pro per interactuar amb m\u00faltiples pantalles virtuals, mostrant aplicacions com missatgeria, reserves d'hotels i plans detallats en un entorn immersiu.\" width=\"917\" height=\"437\" srcset=\"https:\/\/matteria.si\/wp-content\/uploads\/2023\/06\/matteria_blog_apple_vision_pro_3-300x143.webp 300w, https:\/\/matteria.si\/wp-content\/uploads\/2023\/06\/matteria_blog_apple_vision_pro_3-768x367.webp 768w, https:\/\/matteria.si\/wp-content\/uploads\/2023\/06\/matteria_blog_apple_vision_pro_3.webp 838w\" sizes=\"auto, (max-width: 917px) 100vw, 917px\" \/><\/p>\n<h2>Un m\u00f3n sense pantalles?<\/h2>\n<p>El que sembla \u00e9s que pren el seu propi cam\u00ed (com \u00e9s habitual, d\u2019altra banda). Des del meu punt de vista, i d\u2019aqu\u00ed el provocador t\u00edtol, m\u2019agradaria destacar 3 punts:<\/p>\n<h3>La projecci\u00f3.<\/h3>\n<p>Apple pret\u00e9n que puguem accedir a la informaci\u00f3 sense tenir una limitaci\u00f3 de projecci\u00f3. La utilitzaci\u00f3 de la realitat augmentada fa que puguem projectar en un suport imaginari, ni en un tel\u00e8fon intel\u00b7ligent, ni en una televisi\u00f3, ni en un rellotge, ni en un port\u00e0til. Podem veure-ho on vulguem, aix\u00f2 s\u00ed, de moment amb la \u201cobligaci\u00f3\u201d de portar damunt un dispositiu poc o gens \u201chum\u00e0\u201d. Per\u00f2, i si aix\u00f2 \u00e9s nom\u00e9s el principi del que ser\u00e0 un gadget integrat en el nostre cos?<\/p>\n<h3>L\u2019entorn.<\/h3>\n<p>Lluny de crear un \u201cnou m\u00f3n\u201d (un Metavers), treballa amb i en el seu ecosistema. Amb les seves aplicacions, amb els seus logos, les seves marques, etc. Aix\u00f2 fa que sigui molt m\u00e9s conegut a ulls del seu actual usuari, que en una gran majoria \u00e9s al seu torn ambaixador de la pr\u00f2pia marca i comprador compulsiu de totes les seves novetats.<\/p>\n<h3>L\u2019experi\u00e8ncia.<\/h3>\n<p>Sens dubte obre tamb\u00e9 un nou m\u00f3n a nivell d\u2019experi\u00e8ncia. Les Apple Vision Pro pot ser que no siguin nom\u00e9s un dispositiu, sin\u00f3 un veritable canvi global, ja que pot transformar les regles de les interf\u00edcies inform\u00e0tiques tradicionals i ser el cam\u00ed cap a un nou nivell d\u2019immersi\u00f3 i interactivitat.<\/p>\n<p><img loading=\"lazy\" decoding=\"async\" class=\"alignnone wp-image-635\" src=\"https:\/\/stage.matteria.si\/wp-content\/uploads\/2023\/06\/matteria_blog_apple_vision_pro_4-300x143.webp\" alt=\"Persona utilitzant les Apple Vision Pro per fer una videotrucada immersiva en un entorn dom\u00e8stic amb vistes nocturnes.\" width=\"915\" height=\"436\" srcset=\"https:\/\/matteria.si\/wp-content\/uploads\/2023\/06\/matteria_blog_apple_vision_pro_4-300x143.webp 300w, https:\/\/matteria.si\/wp-content\/uploads\/2023\/06\/matteria_blog_apple_vision_pro_4-768x367.webp 768w, https:\/\/matteria.si\/wp-content\/uploads\/2023\/06\/matteria_blog_apple_vision_pro_4.webp 838w\" sizes=\"auto, (max-width: 915px) 100vw, 915px\" \/><\/p>\n<p>En aquest mateix aspecte, amb la lectura de not\u00edcies i visionat de v\u00eddeos d\u2019aquests \u00faltims dies, destacaria aquests 5 espais on el dispositiu pot ser \u201cletal\u201d:<\/p>\n<p><strong>Interaccions superinmersives:<\/strong>\u00a0La interf\u00edcie tridimensional permet a l\u2019usuari interactuar amb el contingut digital com si fossin objectes f\u00edsics. Aquesta innovaci\u00f3 permet una multitasca m\u00e9s intu\u00eftiva i obre possibilitats infinites per a la creativitat i l\u2019efici\u00e8ncia.<\/p>\n<p><strong>Comunicacions virtuals m\u00e9s reals:<\/strong>\u00a0Durant una crida, els usuaris apareixen com una persona \u2013 una representaci\u00f3 digital en temps real creada mitjan\u00e7ant t\u00e8cniques d\u2019aprenentatge autom\u00e0tic- que reflecteix les expressions facials i moviments de les mans, fomentant un nivell d\u2019interacci\u00f3 mai vist en la comunicaci\u00f3 digital.<\/p>\n<p><strong>Connectivitat social ampliada:<\/strong>\u00a0Aquesta funci\u00f3 permet als usuaris interactuar significativament amb uns altres mentre fan tasques digitals, oferint indicadors visuals sobre l\u2019usuari i creant una nova forma de consci\u00e8ncia digital.<\/p>\n<p><strong>Entretenimient exponencial:<\/strong>\u00a0Aquest dispositiu pot revolucionar la forma en qu\u00e8 consumim contingut d\u2019entreteniment. El seu sistema de visualitzaci\u00f3 d\u2019ultra alta resoluci\u00f3, juntament amb un sistema avan\u00e7at d\u2019\u00e0udio espacial, pot transformar qualsevol espai cap a una experi\u00e8ncia de visualitzaci\u00f3 tridimensional completament immersiva.<\/p>\n<p><strong>Records 360:<\/strong>\u00a0Amb la seva cambra tridimensional, les Apple Vision Pro captura \u201crecords\u201d d\u2019una manera \u00fanica i immersiva. Els usuaris podran revisar aquests records a escala real, experimentant-los amb detalls impressionants.<\/p>\n<p>Si deixem volar la imaginaci\u00f3, ja veiem que el potencial de l\u2019Apple Vision Pro \u00e9s brutal. A mesura que les empreses comencin a aprofitar les seves possibilitats, veurem una explosi\u00f3 infinita de productes, solucions i serveis. Us recorda a alguna cosa?<a href=\"https:\/\/www.apple.com\/newsroom\/2023\/05\/developers-generated-one-point-one-trillion-in-the-app-store-ecosystem-in-2022\/\" target=\"_blank\" rel=\"noopener\">L\u2019App Store<\/a>?<\/p>\n<p>I respecte al Metavers? Jo no ho donaria per mort. \u00c9s m\u00e9s, continuarem parlant d\u2019aix\u00f2, com ho hem fet des de matteria_ en aquests articles i converses des de novembre de 2021:<\/p>\n<p><a href=\"https:\/\/relathia.com\/foro\/digitalizacion-ventas-metaverso\/\" target=\"_blank\" rel=\"noopener\">Digitalitzaci\u00f3, vendes i metavers<\/a><br \/>\n<a href=\"https:\/\/relathia.com\/foro\/aprendizajes-digitales-para-el-metaverso\/\" target=\"_blank\" rel=\"noopener\">Aprenentatges digitals per al Metavers<\/a><br \/>\n<a href=\"https:\/\/relathia.com\/foro\/capsula_relathia-la-web-descentralizada\/\" target=\"_blank\" rel=\"noopener\">La web descentralitzada<\/a><br \/>\n<a href=\"https:\/\/relathia.com\/foro\/inteligencia-artificial-y-metaverso\/\" target=\"_blank\" rel=\"noopener\">Intel\u00b7lig\u00e8ncia digital i Metavers<\/a><br \/>\n<a href=\"http:\/\/matteria.si\/blog\/el-metaverso-busca-sus-modelos-de-negocio\/\" target=\"_blank\" rel=\"noopener\">El Metavers cerca els seus models de negoci<\/a><\/p>\n","protected":false},"excerpt":{"rendered":"<p>Permeteu-me ser una mica provocador tenint en compte que si alguna cosa destaca del\u00a0nou gadget d\u2019Apple\u00a0\u00e9s la grand\u00e0ria de la \u201cpantalla\u201d o, per a ser exactes, la grand\u00e0ria de les lents, ja que es tracta de les primeres \u201culleres\u201d de realitat augmentada que ha creat la marca de Cupertino. Dilluns passat dia 5 de juny [&#8230;]<\/p>\n<p><a class=\"btn btn-secondary understrap-read-more-link\" href=\"https:\/\/matteria.si\/ca\/blog\/apple-vision-pro-el-futur-de-la-realitat-augmentada-i-un-impuls-cap-al-metavers\/\">Continua llegint&#8230;<span class=\"screen-reader-text\"> from Apple Vision Pro: El futur de la realitat augmentada i un impuls cap al Metavers<\/span><\/a><\/p>\n","protected":false},"author":1,"featured_media":2678,"comment_status":"open","ping_status":"open","sticky":false,"template":"","format":"standard","meta":{"_acf_changed":false,"footnotes":""},"categories":[18],"tags":[],"class_list":["post-476","post","type-post","status-publish","format-standard","has-post-thumbnail","hentry","category-reflexions"],"acf":[],"_links":{"self":[{"href":"https:\/\/matteria.si\/ca\/wp-json\/wp\/v2\/posts\/476","targetHints":{"allow":["GET"]}}],"collection":[{"href":"https:\/\/matteria.si\/ca\/wp-json\/wp\/v2\/posts"}],"about":[{"href":"https:\/\/matteria.si\/ca\/wp-json\/wp\/v2\/types\/post"}],"author":[{"embeddable":true,"href":"https:\/\/matteria.si\/ca\/wp-json\/wp\/v2\/users\/1"}],"replies":[{"embeddable":true,"href":"https:\/\/matteria.si\/ca\/wp-json\/wp\/v2\/comments?post=476"}],"version-history":[{"count":5,"href":"https:\/\/matteria.si\/ca\/wp-json\/wp\/v2\/posts\/476\/revisions"}],"predecessor-version":[{"id":2139,"href":"https:\/\/matteria.si\/ca\/wp-json\/wp\/v2\/posts\/476\/revisions\/2139"}],"wp:featuredmedia":[{"embeddable":true,"href":"https:\/\/matteria.si\/ca\/wp-json\/wp\/v2\/media\/2678"}],"wp:attachment":[{"href":"https:\/\/matteria.si\/ca\/wp-json\/wp\/v2\/media?parent=476"}],"wp:term":[{"taxonomy":"category","embeddable":true,"href":"https:\/\/matteria.si\/ca\/wp-json\/wp\/v2\/categories?post=476"},{"taxonomy":"post_tag","embeddable":true,"href":"https:\/\/matteria.si\/ca\/wp-json\/wp\/v2\/tags?post=476"}],"curies":[{"name":"wp","href":"https:\/\/api.w.org\/{rel}","templated":true}]}}