{"id":703,"date":"2023-03-01T12:53:58","date_gmt":"2023-03-01T11:53:58","guid":{"rendered":"https:\/\/stage.matteria.si\/?p=703"},"modified":"2025-03-10T11:45:14","modified_gmt":"2025-03-10T10:45:14","slug":"la-guerra-pel-micro-quin-sera-el-futur-del-podcast","status":"publish","type":"post","link":"https:\/\/matteria.si\/ca\/blog\/la-guerra-pel-micro-quin-sera-el-futur-del-podcast\/","title":{"rendered":"La guerra pel micro: Quin ser\u00e0 el futur del p\u00f2dcast?"},"content":{"rendered":"<p><img loading=\"lazy\" decoding=\"async\" class=\"alignnone wp-image-704\" src=\"https:\/\/stage.matteria.si\/wp-content\/uploads\/2025\/01\/matteria_blog_futuro_podcast_2-1-300x106.webp\" alt=\"\" width=\"911\" height=\"322\" srcset=\"https:\/\/matteria.si\/wp-content\/uploads\/2025\/01\/matteria_blog_futuro_podcast_2-1-300x106.webp 300w, https:\/\/matteria.si\/wp-content\/uploads\/2025\/01\/matteria_blog_futuro_podcast_2-1-768x272.webp 768w, https:\/\/matteria.si\/wp-content\/uploads\/2025\/01\/matteria_blog_futuro_podcast_2-1.webp 838w\" sizes=\"auto, (max-width: 911px) 100vw, 911px\" \/><\/p>\n<h2>La consolidaci\u00f3 i la monetitzaci\u00f3 dels p\u00f2dcasts: una an\u00e0lisi de l\u2019\u00e8xit d\u2019aquesta forma d\u2019entreteniment digital<\/h2>\n<p>Aquest passat 2022, les c\u00f2miques Carolina Iglesias i Victoria Mart\u00edn del P\u00f2dcast \u201cEstirando el chicle\u201d van esgotar, en tan sols 17 hores, un total de 12.000 entrades per anar a veure-les en directe al Wizink Center, a les quals es van sumar 16.000 espectadors m\u00e9s en streaming.<\/p>\n<p>Va ser la primera vegada que\u00a0<strong><a href=\"https:\/\/elpais.com\/television\/2022-09-24\/la-apoteosis-de-estirando-el-chicle-las-pringadas-de-la-clase-toman-el-wizink.html\" target=\"_blank\" rel=\"noopener\">un espectacle d\u2019entreteniment ha venut m\u00e9s localitats del Wizink Center<\/a><\/strong>, a m\u00e9s de ser el xou c\u00f2mic (i liderat per dones) m\u00e9s gran que s\u2019ha celebrat a Espanya.<\/p>\n<p><img loading=\"lazy\" decoding=\"async\" class=\"wp-image-707 aligncenter\" src=\"https:\/\/stage.matteria.si\/wp-content\/uploads\/2025\/01\/matteria_blog_futuro_podcast_3-1-300x143.webp\" alt=\"\" width=\"717\" height=\"342\" srcset=\"https:\/\/matteria.si\/wp-content\/uploads\/2025\/01\/matteria_blog_futuro_podcast_3-1-300x143.webp 300w, https:\/\/matteria.si\/wp-content\/uploads\/2025\/01\/matteria_blog_futuro_podcast_3-1-768x367.webp 768w, https:\/\/matteria.si\/wp-content\/uploads\/2025\/01\/matteria_blog_futuro_podcast_3-1.webp 838w\" sizes=\"auto, (max-width: 717px) 100vw, 717px\" \/><\/p>\n<p style=\"text-align: center;\"><em><strong>Font<\/strong>: @estirandoelchicle a Instagram. Imatge del Wizink Center amb l\u2019espectacle Estirando el chicle, que va reunir 12.000 persones en directe i 16.000 en streaming, un total de 30.000.<\/em><\/p>\n<p>I tot aix\u00f2 sorgeix d\u2019una comunitat de fans, que van trobar al seu p\u00f2dcast, un espai real, sense embuts, en qu\u00e8 aquestes c\u00f2miques, segons diuen elles mateixes, \u201cpoden rajar de totes les coses que els indignen\u201d i preocupen, com la menstruaci\u00f3, el part, els complexos o la salut mental, entre altres temes, amb una clau d\u2019humor i com una conversa entre amigues.<\/p>\n<p>El poder i abast del p\u00f2dcast en q\u00fcesti\u00f3 durant la primera temporada va portar Spotify a signar amb elles una segona temporada en exclusiva, per poder millorar encara m\u00e9s el seu cat\u00e0leg de p\u00f2dcast, una de les apostes estrat\u00e8giques de la plataforma per continuar creixent en oients i subscripcions.<\/p>\n<h3>S\u2019ha consolidat el p\u00f2dcast com a format? La resposta \u00e9s s\u00ed<\/h3>\n<p>Tots aquests detalls evidencien com\u00a0<strong>el p\u00f2dcast s\u2019ha consolidat com un format m\u00e9s d\u2019entreteniment<\/strong>, que no nom\u00e9s \u00e9s\u00a0<strong>capa\u00e7 de generar comunitats fidelitzades<\/strong>\u00a0sin\u00f3 un canal on estar connectat gaireb\u00e9 24\/7, ja que l\u2019\u00e0udio ens permet escoltar mentre fem la bugada, anem de cam\u00ed a la feina o ho donem tot al gimn\u00e0s. Una veu que ens pot acompanyar amb la pantalla del m\u00f2bil apagada i, fins i tot, sense connexi\u00f3 a Internet. Per als creadors de contingut, un format perfecte per mantenir-vos enganxats a l\u2019auricular.<\/p>\n<p>La veritat \u00e9s que\u00a0<strong>les dades demostren que ens agraden els p\u00f2dcasts i que \u00e9s un sector clarament en auge<\/strong>. En termes d\u2019oients, segons Reuters Institute, Espanya \u00e9s un dels pa\u00efsos amb m\u00e9s seguidors de p\u00f2dcasts de la Uni\u00f3 Europea, concretament un\u00a0<a href=\"https:\/\/reutersinstitute.politics.ox.ac.uk\/digital-news-report\/2022\" target=\"_blank\" rel=\"noopener\">41% va escoltar algun p\u00f2dcast durant l\u2019\u00faltim mes<\/a>.<\/p>\n<h3>Com s\u2019estan monetitzant els podcasts?<\/h3>\n<p>Milions d\u2019hores de contingut pujat a la xarxa, milers de podcasters i centenars de plataformes i companyies que competeixen per ser els n\u00fameros 1. Per\u00f2, tot aix\u00f2 es monetitza d\u2019alguna forma? La realitat \u00e9s que, com qualsevol altre format d\u2019entreteniment o informaci\u00f3, la publicitat no es queda enrere. L\u2019al\u00e7a del p\u00f2dcast tamb\u00e9 es nota a l\u2019inter\u00e8s de les marques per vincular-se a aquests continguts,\u00a0<strong>un mercat publicitari que el 2026 mour\u00e0 prop dels 590 milions d\u2019euros a Espanya, segons\u00a0<a href=\"https:\/\/www.pwc.es\/es\/entretenimiento-medios\/assets\/global-entertainment-media-outlook-2022-2026-spain.pdf\" target=\"_blank\" rel=\"noopener\">un informe de PwC<\/a><\/strong>.<\/p>\n<p>Hi ha diferents formes de monetitzar els p\u00f2dcasts, per\u00f2 actualment\u00a0<strong>les principals estan vinculades a la publicitat amb la inserci\u00f3 d\u2019anuncis<\/strong>, el patrocini del p\u00f2dcast o fins i tot el format Branded Content, en qu\u00e8 una marca es vincula al p\u00f2dcast generant contingut de valor per a la seva audi\u00e8ncia, amb l\u2019objectiu de connectar-hi i guanyar notorietat.<\/p>\n<p>M\u00e9s enll\u00e0 de la publicitat, tamb\u00e9 hi ha les donacions volunt\u00e0ries que fan els oients als podcasters independents. Tamb\u00e9 s\u2019hi afegeix la generaci\u00f3 de comunitats de pagament a les quals se\u2019ls ofereix contingut exclusiu per donar suport al p\u00f2dcast, com per exemple la comunitat ETM, dels creadors del Entiende tu mente, un p\u00f2dcast de psicologia entre els m\u00e9s escoltats segons Spotify. Aquesta comunitat, amb una subscripci\u00f3 mensual o anual, permet accedir a contingut exclusiu i a la participaci\u00f3 d\u2019activitats presencials m\u00e9s enll\u00e0 de l\u2019escolta del p\u00f2dcast.<\/p>\n<p><img loading=\"lazy\" decoding=\"async\" class=\"wp-image-710 alignleft\" src=\"https:\/\/stage.matteria.si\/wp-content\/uploads\/2025\/01\/matteria_blog_futuro_podcast_4-300x119.webp\" alt=\"\" width=\"433\" height=\"172\" srcset=\"https:\/\/matteria.si\/wp-content\/uploads\/2025\/01\/matteria_blog_futuro_podcast_4-300x119.webp 300w, https:\/\/matteria.si\/wp-content\/uploads\/2025\/01\/matteria_blog_futuro_podcast_4.webp 748w\" sizes=\"auto, (max-width: 433px) 100vw, 433px\" \/><img loading=\"lazy\" decoding=\"async\" class=\"wp-image-713 alignnone\" src=\"https:\/\/stage.matteria.si\/wp-content\/uploads\/2025\/01\/matteria_blog_futuro_podcast_5-300x123.webp\" alt=\"\" width=\"405\" height=\"166\" srcset=\"https:\/\/matteria.si\/wp-content\/uploads\/2025\/01\/matteria_blog_futuro_podcast_5-300x123.webp 300w, https:\/\/matteria.si\/wp-content\/uploads\/2025\/01\/matteria_blog_futuro_podcast_5.webp 726w\" sizes=\"auto, (max-width: 405px) 100vw, 405px\" \/><\/p>\n<p>&nbsp;<\/p>\n<p style=\"text-align: center;\"><em><strong>Font<\/strong>: P\u00e0gina web de Entiende Tu Mente, on es presenta el club ETM, on es poden accedir a continguts exclusius per aprofundir en els temes tractats a trav\u00e9s d\u2019una tarifa mensual o anual.<\/em><\/p>\n<p><strong>Una altra font d\u2019ingressos s\u00f3n les entrades per a esdeveniments en directe<\/strong>\u00a0com el de Estirando el chicle\u00a0<strong>o la generaci\u00f3 de marxandatge vinculat al p\u00f2dcast<\/strong>. Tot aix\u00f2 sense tenir en compte que plataformes com Spotify, Podimo o Audible ja remuneren els creadors de contingut perqu\u00e8 aquest p\u00f2dcast sigui exclusiu i s\u2019emeti \u00fanicament al seu espai.<\/p>\n<p>Aix\u00f2 implica que els\u00a0<strong>continguts siguin cada vegada de m\u00e9s qualitat i m\u00e9s professionals<\/strong>\u00a0(al comptar amb m\u00e9s recursos econ\u00f2mics per a la producci\u00f3), per la qual cosa cada vegada \u00e9s m\u00e9s dif\u00edcil que un novell des del sof\u00e0 de casa pugui tenir \u00e8xit sense una comunitat pr\u00e8via generada. S\u2019observa que\u00a0<strong>els nous podcasts tenen darrere una\u00a0<a href=\"http:\/\/matteria.si\/blog\/como-disenar-y-ejecutar-una-estrategia-de-contenidos-digital-exitosa\/\" target=\"_blank\" rel=\"noopener\">estrat\u00e8gia de continguts<\/a>\u00a0i un projecte<\/strong>, disseny de so de qualitat i en molts casos plataformes d\u2019\u00e0udio darrere que saben que tenir un producte de qualitat i treballat marcar\u00e0 la difer\u00e8ncia.<\/p>\n<h3>Quin ser\u00e0 el futur del p\u00f2dcast? Es convertir\u00e0 en un valor segur o morir\u00e0 d\u2019\u00e8xit?<\/h3>\n<p>Ning\u00fa t\u00e9 una bola de cristall que prev\u00e9 el futur i, sin\u00f3 que els ho diguin als que van apostar pels bitcoins, per\u00f2 el que s\u00ed que podem intuir \u00e9s que la ind\u00fastria del p\u00f2dcast est\u00e0 diversificant molt b\u00e9 el model d\u2019ingressos. A difer\u00e8ncia de les plataformes de v\u00eddeo sota demanda, on tot el negoci recau en les subscripcions dels usuaris, generant una guerra entre elles i un \u00fanic model d\u2019ingressos al darrere, de moment\u00a0<strong>el p\u00f2dcast est\u00e0 sabent diversificar el model de negoci de manera m\u00e9s inclusiva<\/strong>, permetent en plataformes com Spotify, iVoox o Youtube, escoltar contingut de forma gratu\u00efta a canvi de publicitat. \u00c9s l\u2019aposta de Spotify, que ha anat adquirint empreses com Megaphone, especialitzada en tecnologia publicit\u00e0ria, per assegurar que els productors guanyen per la feina i els oients poden escoltar aquest contingut sense pagar.<\/p>\n<p>D\u2019altra banda, models semblants al v\u00eddeo sota demanda com Podimo, Audible o fins i tot l\u2019aposta del grup d\u2019Atresmedia Sonora, busquen l\u2019exclusivitat de l\u2019oient a canvi d\u2019una subscripci\u00f3 mensual o anual per escoltar contingut d\u2019alta qualitat en informaci\u00f3 i entreteniment que nom\u00e9s trobareu a la plataforma.<\/p>\n<p>Finalment,\u00a0<strong>l\u2019aposta creixent dels podcasters pel Branded content \u00e9s un altre factor que suma ingredients per a l\u2019\u00e8xit d\u2019aquesta ind\u00fastria els pr\u00f2xims anys<\/strong>, ja que assegura la creaci\u00f3 de p\u00f2dcasts de manera rendible per als seus creadors i, alhora, permet a les marques vincular-se amb els seus potencials clients a trav\u00e9s de contingut de valor, que generen un inter\u00e8s genu\u00ed a l\u2019anunciant m\u00e9s enll\u00e0 de la publicitat convencional.<\/p>\n<p>Un exemple que exemplifica perfectament aquest paradigma \u00e9s el p\u00f2dcast Blum, creat, escrit i dirigit per\u00a0<a href=\"http:\/\/matteria.si\/equipo\/\" target=\"_blank\" rel=\"noopener\">Carmen Pacheco<\/a>\u00a0i Manuel Bartual. Aquest p\u00f2dcast, de la productora EL Extraordinario i Su\u00efssa Turisme ha estat nominat als II Premis Ones globals del p\u00f2dcast i \u00e9s un \u00e8xit entre els oients.<\/p>\n<p><img loading=\"lazy\" decoding=\"async\" class=\"wp-image-719 aligncenter\" src=\"https:\/\/stage.matteria.si\/wp-content\/uploads\/2025\/01\/matteria_blog_futuro_podcast_6-1-300x143.webp\" alt=\"\" width=\"684\" height=\"326\" srcset=\"https:\/\/matteria.si\/wp-content\/uploads\/2025\/01\/matteria_blog_futuro_podcast_6-1-300x143.webp 300w, https:\/\/matteria.si\/wp-content\/uploads\/2025\/01\/matteria_blog_futuro_podcast_6-1-768x367.webp 768w, https:\/\/matteria.si\/wp-content\/uploads\/2025\/01\/matteria_blog_futuro_podcast_6-1.webp 838w\" sizes=\"auto, (max-width: 684px) 100vw, 684px\" \/><\/p>\n<p style=\"text-align: center;\"><em><strong>Font<\/strong>: P\u00e0gina web de L\u2019Extraodinari, productora del P\u00f2dcast sobre la hist\u00f2ria de Clara Pastor, estudiant d\u2019Hist\u00f2ria de l\u2019Art, que desapareix mentre realitza la tesi sobre Ursula Blum, una pintora avantguardista del segle XX. Cinc anys despr\u00e9s, la periodista Emma Castillo decideix viatjar a Su\u00efssa per continuar la investigaci\u00f3 de Clara i narrar en un p\u00f2dcast el que va descobrint sobre el misteri que envolta les dues dones.<\/em><\/p>\n<p>De moment, el que sabem amb certesa \u00e9s que el negoci \u00e9s tan suculent que\u00a0<strong>cap companyia d\u2019entreteniment o informaci\u00f3 vol quedar fora d\u2019aquesta gran guerra pel micro<\/strong>.<\/p>\n","protected":false},"excerpt":{"rendered":"<p>La consolidaci\u00f3 i la monetitzaci\u00f3 dels p\u00f2dcasts: una an\u00e0lisi de l\u2019\u00e8xit d\u2019aquesta forma d\u2019entreteniment digital Aquest passat 2022, les c\u00f2miques Carolina Iglesias i Victoria Mart\u00edn del P\u00f2dcast \u201cEstirando el chicle\u201d van esgotar, en tan sols 17 hores, un total de 12.000 entrades per anar a veure-les en directe al Wizink Center, a les quals es [&#8230;]<\/p>\n<p><a class=\"btn btn-secondary understrap-read-more-link\" href=\"https:\/\/matteria.si\/ca\/blog\/la-guerra-pel-micro-quin-sera-el-futur-del-podcast\/\">Continua llegint&#8230;<span class=\"screen-reader-text\"> from La guerra pel micro: Quin ser\u00e0 el futur del p\u00f2dcast?<\/span><\/a><\/p>\n","protected":false},"author":1,"featured_media":2717,"comment_status":"open","ping_status":"open","sticky":false,"template":"","format":"standard","meta":{"_acf_changed":false,"footnotes":""},"categories":[21,19,18],"tags":[],"class_list":["post-703","post","type-post","status-publish","format-standard","has-post-thumbnail","hentry","category-innovacio-i-research","category-negoci-digital","category-reflexions"],"acf":[],"_links":{"self":[{"href":"https:\/\/matteria.si\/ca\/wp-json\/wp\/v2\/posts\/703","targetHints":{"allow":["GET"]}}],"collection":[{"href":"https:\/\/matteria.si\/ca\/wp-json\/wp\/v2\/posts"}],"about":[{"href":"https:\/\/matteria.si\/ca\/wp-json\/wp\/v2\/types\/post"}],"author":[{"embeddable":true,"href":"https:\/\/matteria.si\/ca\/wp-json\/wp\/v2\/users\/1"}],"replies":[{"embeddable":true,"href":"https:\/\/matteria.si\/ca\/wp-json\/wp\/v2\/comments?post=703"}],"version-history":[{"count":4,"href":"https:\/\/matteria.si\/ca\/wp-json\/wp\/v2\/posts\/703\/revisions"}],"predecessor-version":[{"id":1078,"href":"https:\/\/matteria.si\/ca\/wp-json\/wp\/v2\/posts\/703\/revisions\/1078"}],"wp:featuredmedia":[{"embeddable":true,"href":"https:\/\/matteria.si\/ca\/wp-json\/wp\/v2\/media\/2717"}],"wp:attachment":[{"href":"https:\/\/matteria.si\/ca\/wp-json\/wp\/v2\/media?parent=703"}],"wp:term":[{"taxonomy":"category","embeddable":true,"href":"https:\/\/matteria.si\/ca\/wp-json\/wp\/v2\/categories?post=703"},{"taxonomy":"post_tag","embeddable":true,"href":"https:\/\/matteria.si\/ca\/wp-json\/wp\/v2\/tags?post=703"}],"curies":[{"name":"wp","href":"https:\/\/api.w.org\/{rel}","templated":true}]}}