{"id":865,"date":"2022-09-08T10:29:31","date_gmt":"2022-09-08T08:29:31","guid":{"rendered":"https:\/\/stage.matteria.si\/?p=865"},"modified":"2025-03-10T11:47:51","modified_gmt":"2025-03-10T10:47:51","slug":"el-repte-dels-mitjans-escrits-en-lera-digital","status":"publish","type":"post","link":"https:\/\/matteria.si\/ca\/blog\/el-repte-dels-mitjans-escrits-en-lera-digital\/","title":{"rendered":"El repte dels mitjans escrits en l\u2019era digital"},"content":{"rendered":"<p><img loading=\"lazy\" decoding=\"async\" class=\"alignnone wp-image-866\" src=\"https:\/\/stage.matteria.si\/wp-content\/uploads\/2025\/01\/matteria_blog_reto_medios_comunicacion_escritos_era_digital-4-300x106.webp\" alt=\"\" width=\"914\" height=\"323\" srcset=\"https:\/\/matteria.si\/wp-content\/uploads\/2025\/01\/matteria_blog_reto_medios_comunicacion_escritos_era_digital-4-300x106.webp 300w, https:\/\/matteria.si\/wp-content\/uploads\/2025\/01\/matteria_blog_reto_medios_comunicacion_escritos_era_digital-4-768x272.webp 768w, https:\/\/matteria.si\/wp-content\/uploads\/2025\/01\/matteria_blog_reto_medios_comunicacion_escritos_era_digital-4.webp 838w\" sizes=\"auto, (max-width: 914px) 100vw, 914px\" \/><\/p>\n<h2>En les \u00faltimes dues d\u00e8cades la premsa ha hagut d\u2019adaptar-se per ser sostenible i competitiva en un m\u00f3n en qu\u00e8 les regles del joc i els consumidors s\u2019han transformat radicalment.<\/h2>\n<p>Els mitjans de comunicaci\u00f3 i especialment la premsa escrita han viscut un parell de d\u00e8cades de grans transformacions.\u00a0<b>Aquest canvi s\u2019ha degut a m\u00faltiples factors<\/b>\u00a0entre els quals destaquen l\u2019aparici\u00f3 de noves empreses o models de negoci que s\u2019han portat una significativa part del past\u00eds (especialment el publicitari), l\u2019auge de les tecnologies digitals i els canvis en el consum d\u2019informaci\u00f3 per part dels usuaris.<\/p>\n<h3>La caiguda dels ingressos tradicionals i el nou context han obligat a tots els mitjans a iniciar processos de transformaci\u00f3 per poder sobreviure<\/h3>\n<p>Tot aix\u00f2 ha portat a una crisi sense precedents dels mitjans i la premsa tradicional que ha tingut dues grans conseq\u00fc\u00e8ncies. La primera \u00e9s que moltes\u00a0<b>d\u2019aquestes empreses han tingut i tenen importants problemes econ\u00f2mics i\u00a0<\/b>fins i tot algunes d\u2019elles s\u2019han vist abocades a la desaparici\u00f3. Els seus principals ingressos s\u2019han anat reduint de forma gradual i en moltes ocasions el finan\u00e7ament i ajudes p\u00fabliques han estat el flotador que les ha mantingut amb vida.<\/p>\n<p>La segona, molt lligada a la primera i tamb\u00e9 al context global, \u00e9s que<b>\u00a0els mitjans s\u2019han hagut d\u2019adaptar a una nova realitat<\/b>; molts m\u00e9s complexa, digital, s\u00edncrona i en la qual la lluita per l\u2019atenci\u00f3 del lector i l\u2019audi\u00e8ncia s\u2019ha convertit en una batalla del dia a dia.<\/p>\n<h3>Els deu principals canvis dels mitjans de comunicaci\u00f3 escrits<\/h3>\n<p>Tot aix\u00f2 ha portat a un proc\u00e9s transformaci\u00f3 d\u2019aquesta ind\u00fastria que ve tractant d\u2019adaptar-se de forma m\u00e9s o menys exitosa a aquesta nova realitat. S\u00f3n molts els canvis que s\u2019han donat, per\u00f2<b>\u00a0els podr\u00edem sintetitzar en el seg\u00fcent dec\u00e0leg:<\/b><\/p>\n<ol>\n<li aria-level=\"1\">D\u2019una orientaci\u00f3 centrada en el producte a una altra centrada en el lector (Reader first)<\/li>\n<li aria-level=\"1\">D\u2019un model de negoci tamb\u00e9 centrat en el producte a un model de negoci basat en el lector (Reader revenue model).<\/li>\n<li aria-level=\"1\">D\u2019un model de negoci anal\u00f2gic a un model de negoci h\u00edbrid, per\u00f2 cada vegada m\u00e9s digital.<\/li>\n<li aria-level=\"1\">D\u2019un model print first a un model digital first.<\/li>\n<li aria-level=\"1\">De dues fonts d\u2019 ingressos principals a una diversificaci\u00f3 cada vegada m\u00e9s gran de les fonts d\u2019ingressos.<\/li>\n<li aria-level=\"1\">D\u2019un enfocament editorial a un enfocament de negoci orientat a les necessitats del client.<\/li>\n<li aria-level=\"1\">D\u2019una operativa amb din\u00e0mica editorial a una operativa amb din\u00e0mica de producte digital.<\/li>\n<li aria-level=\"1\">D\u2019un periodista redactor a un periodista m\u00e9s multidisciplinari<\/li>\n<li aria-level=\"1\">D\u2019un preu fix a un pricing din\u00e0mic i en constant adaptaci\u00f3.<\/li>\n<li aria-level=\"1\">D\u2019una \u00fanica marca a una diversificaci\u00f3 de marques adaptada a les diferents propostes de valor.<\/li>\n<\/ol>\n<p>&nbsp;<\/p>\n<p>Aquest dec\u00e0leg \u00e9s, en certa manera,\u00a0<b>un reflex de l\u2019estrat\u00e8gia de negoci que molts mitjans estan implementant,\u00a0<\/b>i que t\u00e9 com a referent el New York Times, el diari m\u00e9s fam\u00f3s del m\u00f3n.<\/p>\n<p>Aquest mitj\u00e0, l\u2019any 2014, va publicar un informe intern titulat\u00a0<a href=\"https:\/\/sriramk.com\/memos\/nytimes-innovation-report.pdf\" target=\"_blank\" rel=\"noopener\">\u201cInnovation Report\u201d\u00a0<\/a>\u00a0en el qual es van establir les bases de la seva estrat\u00e8gia de transformaci\u00f3. Des d\u2019aleshores el New York Times s\u2019ha convertit en un model a seguir per a la resta de mitjans de comunicaci\u00f3, especialment la premsa escrita.<\/p>\n<p>D\u2019aquesta estrat\u00e8gia i aquests canvis m\u2019agradaria destacar-ne dos que considero essencials i que s\u00f3n els que despr\u00e9s porten a la resta de transformacions esmentades.<\/p>\n<h3>Orientar-se al lector i ser digital (de veritat) s\u00f3n els drivers clau perqu\u00e8 un mitj\u00e0 pugui ser exit\u00f3s en els propers anys.<\/h3>\n<p>El primer \u00e9s qu\u00e8\u00a0aquesta ind\u00fastria, igual que moltes altres, ha ent\u00e8s que treballa per a un client (lector) i que les seves\u00a0<b><a href=\"http:\/\/matteria.si\/blog\/las-5-claves-del-exito-para-la-innovacion-en-las-pymes\/\" target=\"_blank\" rel=\"noopener\">estrat\u00e8gies de negoci<\/a>\u00a0i la seva activitat han d\u2019estar orientades a satisfer les necessitats d\u2019aquest<\/b>.<\/p>\n<p>Aix\u00f2 suposa un canvi cultural important i una adaptaci\u00f3 tant de la forma en qu\u00e8 es treballa com tamb\u00e9 del model de relaci\u00f3 que es construeix amb el lector.<\/p>\n<p>Es tracta de fidelitzar-lo, de donar-li m\u00e9s protagonisme i de personalitzar les propostes, de generar audi\u00e8ncies qualificades i comunitats i de construir un ecosistema de productes que el faci m\u00e9s captiu, per a la postre, poder incrementar l\u2019ingr\u00e9s mitj\u00e0 per usuari.<\/p>\n<p>Per aconseguir-ho \u00e9s clau incorporar una mirada m\u00e9s empresarial i de negoci que complementi la l\u00f2gica editorial tradicional.<\/p>\n<p>El segon \u00e9s el\u00a0<b>d\u2019adaptar-se a un m\u00f3n digital en el qual l\u2019usuari i la seva forma de consumir continguts est\u00e0 en revisi\u00f3 permanent<\/b>. Crec que \u00e9s aqu\u00ed on hi ha m\u00e9s cam\u00ed per rec\u00f3rrer i on l\u2019exig\u00e8ncia i el repte \u00e9s m\u00e9s gran. Molts mitjans parlen del\u00a0<i>digital first<\/i>, per\u00f2 ser digital no implica tenir una web i una app que repliqui la l\u00f2gica d\u2019un diari en paper. T\u00e9 un significat molt m\u00e9s ampli que t\u00e9 implicacions en el propi contingut, en la seva paquetitzaci\u00f3 i la seva distribuci\u00f3, en el llenguatge, el to i en els formats,\u2026 Els mitjans tradicionals encara estan lluny d\u2019aix\u00f2 i les\u00a0<a href=\"https:\/\/reutersinstitute.politics.ox.ac.uk\/digital-news-report\/2022\/young-audiences-news-media\" target=\"_blank\" rel=\"noopener\">noves generacions de joves<\/a>\u00a0es troben molt allunyades de les seves propostes.<\/p>\n<p>Un exemple d\u2019aix\u00f2 \u00e9s el\u00a0<a href=\"https:\/\/www.tiktok.com\/@ac2alityespanol\" target=\"_blank\" rel=\"noopener\">compte de TikTok d\u2019Ac2ality\u00a0<\/a>\u00a0un mitj\u00e0 de comunicaci\u00f3 per a la generaci\u00f3 Z, liderat per quatre dones de 25 anys, que amb 3,6 milions de seguidors \u00e9s el segon compte de not\u00edcies d\u2019Europa en aquesta xarxa social per darrere del Daily Mail.<\/p>\n<p>Sens dubte els mitjans afronten i afrontaran grans reptes en els propers anys i encara que molts d\u2019ells tenen clar el cam\u00ed a seguir, l\u2019esfor\u00e7 d\u2019aquesta transformaci\u00f3 i la conviv\u00e8ncia amb un dia a dia vertigin\u00f3s el converteixen en una tasca complexa i dificultosa. A favor seu juga que ens trobem en un moment en qu\u00e8 la informaci\u00f3 (cr\u00edtica i vera\u00e7) \u00e9s m\u00e9s necess\u00e0ria que mai. En una societat cada vegada m\u00e9s complexa els diaris continuaran sent una agent primordial per analitzar i ajudar a entendre la realitat. \u00c9s per aix\u00f2 que es necessiten mitjans independents capa\u00e7os de realitzar an\u00e0lisis i interpretacions cr\u00edtiques i compromeses amb la societat, per\u00f2 per poder-ho fer s\u2019hauran de transformar i construir noves propostes i models de relaci\u00f3 amb el lector que encaixin millor amb les noves regles del joc.<\/p>\n","protected":false},"excerpt":{"rendered":"<p>En les \u00faltimes dues d\u00e8cades la premsa ha hagut d\u2019adaptar-se per ser sostenible i competitiva en un m\u00f3n en qu\u00e8 les regles del joc i els consumidors s\u2019han transformat radicalment. Els mitjans de comunicaci\u00f3 i especialment la premsa escrita han viscut un parell de d\u00e8cades de grans transformacions.\u00a0Aquest canvi s\u2019ha degut a m\u00faltiples factors\u00a0entre els [&#8230;]<\/p>\n<p><a class=\"btn btn-secondary understrap-read-more-link\" href=\"https:\/\/matteria.si\/ca\/blog\/el-repte-dels-mitjans-escrits-en-lera-digital\/\">Continua llegint&#8230;<span class=\"screen-reader-text\"> from El repte dels mitjans escrits en l\u2019era digital<\/span><\/a><\/p>\n","protected":false},"author":1,"featured_media":2783,"comment_status":"open","ping_status":"open","sticky":false,"template":"","format":"standard","meta":{"_acf_changed":false,"footnotes":""},"categories":[21,19,18],"tags":[],"class_list":["post-865","post","type-post","status-publish","format-standard","has-post-thumbnail","hentry","category-innovacio-i-research","category-negoci-digital","category-reflexions"],"acf":[],"_links":{"self":[{"href":"https:\/\/matteria.si\/ca\/wp-json\/wp\/v2\/posts\/865","targetHints":{"allow":["GET"]}}],"collection":[{"href":"https:\/\/matteria.si\/ca\/wp-json\/wp\/v2\/posts"}],"about":[{"href":"https:\/\/matteria.si\/ca\/wp-json\/wp\/v2\/types\/post"}],"author":[{"embeddable":true,"href":"https:\/\/matteria.si\/ca\/wp-json\/wp\/v2\/users\/1"}],"replies":[{"embeddable":true,"href":"https:\/\/matteria.si\/ca\/wp-json\/wp\/v2\/comments?post=865"}],"version-history":[{"count":2,"href":"https:\/\/matteria.si\/ca\/wp-json\/wp\/v2\/posts\/865\/revisions"}],"predecessor-version":[{"id":1087,"href":"https:\/\/matteria.si\/ca\/wp-json\/wp\/v2\/posts\/865\/revisions\/1087"}],"wp:featuredmedia":[{"embeddable":true,"href":"https:\/\/matteria.si\/ca\/wp-json\/wp\/v2\/media\/2783"}],"wp:attachment":[{"href":"https:\/\/matteria.si\/ca\/wp-json\/wp\/v2\/media?parent=865"}],"wp:term":[{"taxonomy":"category","embeddable":true,"href":"https:\/\/matteria.si\/ca\/wp-json\/wp\/v2\/categories?post=865"},{"taxonomy":"post_tag","embeddable":true,"href":"https:\/\/matteria.si\/ca\/wp-json\/wp\/v2\/tags?post=865"}],"curies":[{"name":"wp","href":"https:\/\/api.w.org\/{rel}","templated":true}]}}