{"id":971,"date":"2022-03-03T11:24:16","date_gmt":"2022-03-03T10:24:16","guid":{"rendered":"https:\/\/stage.matteria.si\/?p=971"},"modified":"2025-03-10T11:50:42","modified_gmt":"2025-03-10T10:50:42","slug":"compromis-amb-el-planeta-sostenibilitat","status":"publish","type":"post","link":"https:\/\/matteria.si\/ca\/blog\/compromis-amb-el-planeta-sostenibilitat\/","title":{"rendered":"El nostre comprom\u00eds amb el planeta i la sostenibilitat"},"content":{"rendered":"<p><img loading=\"lazy\" decoding=\"async\" class=\"alignnone wp-image-972\" src=\"https:\/\/stage.matteria.si\/wp-content\/uploads\/2025\/01\/matteria_blog_nuestro_compromiso_planeta_y_sostenibilidad_2-300x106.webp\" alt=\"\" width=\"917\" height=\"324\" srcset=\"https:\/\/matteria.si\/wp-content\/uploads\/2025\/01\/matteria_blog_nuestro_compromiso_planeta_y_sostenibilidad_2-300x106.webp 300w, https:\/\/matteria.si\/wp-content\/uploads\/2025\/01\/matteria_blog_nuestro_compromiso_planeta_y_sostenibilidad_2-768x272.webp 768w, https:\/\/matteria.si\/wp-content\/uploads\/2025\/01\/matteria_blog_nuestro_compromiso_planeta_y_sostenibilidad_2.webp 838w\" sizes=\"auto, (max-width: 917px) 100vw, 917px\" \/><\/p>\n<h2>A matteria_ plantem 10 arbres per cada nou client i cada nou projecte en el qu\u00e8 treballem<\/h2>\n<p>Un dels elements fonamentals per a\u00a0<strong>matteria_<\/strong>\u00a0son els\u00a0<a href=\"https:\/\/matteria.si\/ca\/nosaltres\/\">principis que orienten l\u2019empresa i la seva activitat<\/a>. A nosotros nos gusta resumirlo con la frase\u00a0<strong>\u201c\u00e9s igual d\u2019important el com que el qu\u00e8\u201d<\/strong>\u00a0i s\u00f3n precisament aquests principis els que marquen la nostra relaci\u00f3 amb els projectes i els clients, la nostra relaci\u00f3 amb els col\u00b7laboradors i els partners i evidentment, la nostra contribuci\u00f3 a la societat.<\/p>\n<h2>A matteria_ \u00e9s igual d\u2019important el com que el qu\u00e8<\/h2>\n<p>Des del nostre naixement estem aplicant aquesta forma d\u2019actuar i\u00a0<strong>intentem ser sempre coherents i conseq\u00fcents amb els nostres valors<\/strong>. En aquest sentit hem estat donant voltes des dels inicis de matteria_ a c<strong>om generar un impacte positiu al planeta gr\u00e0cies a la nostra activitat.<\/strong>\u00a0En aquest proc\u00e9s de reflexi\u00f3 i recerca, de manera una mica casual, ens topem fa unes setmanes amb el\u00a0<a href=\"https:\/\/tree-nation.com\/\" target=\"_blank\" rel=\"noopener\">projecte Tree-Nation.<\/a><\/p>\n<p>Tree-Nation \u00e9s una organitzaci\u00f3 sense \u00e0nim de lucre que permet a ciutadans i empreses plantar arbres a tot el m\u00f3n i compensar les seves emissions de CO2.\u00a0<strong>La seva missi\u00f3 no \u00e9s altra que la de reforestar el m\u00f3n<\/strong>, ja que s\u2019ha demostrat que plantar arbres \u00e9s una de les solucions m\u00e9s eficients per combatre el canvi clim\u00e0tic.<\/p>\n<h3>Tree-Nation cerca brindar una soluci\u00f3 tecnol\u00f2gica al problema de la desforestaci\u00f3, responsable del voltant del 17% de totes les emissions del canvi clim\u00e0tic.<\/h3>\n<p>Des de matteria_ ens sumem fa unes setmanes a aquest projecte amb diverses iniciatives diferents:<\/p>\n<ol>\n<li>La primera, plantar 10 arbres cada cop que un client confia en matteria_ per acompanyar-lo en els seus reptes de negoci i creixement<\/li>\n<li>La segona, incorporar a la nostra web el segell \u201cNet Zero Website\u201d per compensar tamb\u00e9 les emissions de CO2 que genera la nostra p\u00e0gina<\/li>\n<li>I, finalment, compensar les emissions de C02 dels nostres dos socis<\/li>\n<\/ol>\n<p>&nbsp;<\/p>\n<p>Aix\u00f2 ens ha portat a tenir un\u00a0<a href=\"https:\/\/tree-nation.com\/profile\/matteria\" target=\"_blank\" rel=\"noopener\">\u201cbosc propi\u201d<\/a>\u00a0a Tree-Nation, on sabem amb exactitud i de forma certificada quants arbres hem plantat i quantes tones de CO2 hem capturat gr\u00e0cies a la nostra activitat. D\u2019aquesta manera,\u00a0<strong>com millor ens vagi a nosaltres, m\u00e9s podrem aportar a evitar el canvi clim\u00e0tic i l\u2019escalfament global.<\/strong><\/p>\n<p>A matteria_ estem feli\u00e7os de poder sumar i contribuir a la millora del planeta i el medi ambient!<\/p>\n","protected":false},"excerpt":{"rendered":"<p>A matteria_ plantem 10 arbres per cada nou client i cada nou projecte en el qu\u00e8 treballem Un dels elements fonamentals per a\u00a0matteria_\u00a0son els\u00a0principis que orienten l\u2019empresa i la seva activitat. A nosotros nos gusta resumirlo con la frase\u00a0\u201c\u00e9s igual d\u2019important el com que el qu\u00e8\u201d\u00a0i s\u00f3n precisament aquests principis els que marquen la nostra [&#8230;]<\/p>\n<p><a class=\"btn btn-secondary understrap-read-more-link\" href=\"https:\/\/matteria.si\/ca\/blog\/compromis-amb-el-planeta-sostenibilitat\/\">Continua llegint&#8230;<span class=\"screen-reader-text\"> from El nostre comprom\u00eds amb el planeta i la sostenibilitat<\/span><\/a><\/p>\n","protected":false},"author":1,"featured_media":2756,"comment_status":"open","ping_status":"open","sticky":false,"template":"","format":"standard","meta":{"_acf_changed":false,"footnotes":""},"categories":[20,22],"tags":[],"class_list":["post-971","post","type-post","status-publish","format-standard","has-post-thumbnail","hentry","category-matteria_","category-sostenibilitat"],"acf":[],"_links":{"self":[{"href":"https:\/\/matteria.si\/ca\/wp-json\/wp\/v2\/posts\/971","targetHints":{"allow":["GET"]}}],"collection":[{"href":"https:\/\/matteria.si\/ca\/wp-json\/wp\/v2\/posts"}],"about":[{"href":"https:\/\/matteria.si\/ca\/wp-json\/wp\/v2\/types\/post"}],"author":[{"embeddable":true,"href":"https:\/\/matteria.si\/ca\/wp-json\/wp\/v2\/users\/1"}],"replies":[{"embeddable":true,"href":"https:\/\/matteria.si\/ca\/wp-json\/wp\/v2\/comments?post=971"}],"version-history":[{"count":3,"href":"https:\/\/matteria.si\/ca\/wp-json\/wp\/v2\/posts\/971\/revisions"}],"predecessor-version":[{"id":1231,"href":"https:\/\/matteria.si\/ca\/wp-json\/wp\/v2\/posts\/971\/revisions\/1231"}],"wp:featuredmedia":[{"embeddable":true,"href":"https:\/\/matteria.si\/ca\/wp-json\/wp\/v2\/media\/2756"}],"wp:attachment":[{"href":"https:\/\/matteria.si\/ca\/wp-json\/wp\/v2\/media?parent=971"}],"wp:term":[{"taxonomy":"category","embeddable":true,"href":"https:\/\/matteria.si\/ca\/wp-json\/wp\/v2\/categories?post=971"},{"taxonomy":"post_tag","embeddable":true,"href":"https:\/\/matteria.si\/ca\/wp-json\/wp\/v2\/tags?post=971"}],"curies":[{"name":"wp","href":"https:\/\/api.w.org\/{rel}","templated":true}]}}