{"id":998,"date":"2021-11-24T11:40:41","date_gmt":"2021-11-24T10:40:41","guid":{"rendered":"https:\/\/stage.matteria.si\/?p=998"},"modified":"2025-02-12T12:47:23","modified_gmt":"2025-02-12T11:47:23","slug":"entrem-en-matteria_","status":"publish","type":"post","link":"https:\/\/matteria.si\/ca\/blog\/entrem-en-matteria_\/","title":{"rendered":"Un dia molt especial. \u00bfEntrem en matteria_?"},"content":{"rendered":"<p>\u00bfEntrem en matteria_?<\/p>\n<p>Avui \u00e9s un dia molt especial. Despr\u00e9s de setmanes de treball, en qu\u00e8 hem conviscut amb l\u2019execuci\u00f3 dels projectes dels nostres clients i amb la creaci\u00f3 del nostre propi repte, podem dir que avui \u201ces presenta en societat\u201d: matteria_<\/p>\n<p><img loading=\"lazy\" decoding=\"async\" class=\"aligncenter wp-image-635 size-medium\" src=\"http:\/\/matteria.si\/wp-content\/uploads\/2021\/11\/matteria_color-300x175.png\" alt=\"\" width=\"300\" height=\"175\" \/><\/p>\n<p>Despr\u00e9s de sengles carreres al m\u00f3n de l\u2019empresa i de la consultoria estrat\u00e8gica digital, Borja Rius i qui escriu, Nacho Ros\u00e9s, hem unit esfor\u00e7os, temps, per\u00f2 sobretot ganes i il\u00b7lusi\u00f3, per poder ajudar empreses i institucions a cr\u00e9ixer d\u2019una forma hol\u00edstica.<\/p>\n<p>El nostre gran repte \u00e9s fer projectes que es puguin concretar, projectes que, a m\u00e9s d\u2019una part estrat\u00e8gica i plenament pensada, puguin ser \u201caccionables\u201d. Per aix\u00f2, hem trobat aquesta paraula que ens defineix b\u00e9, alhora que no ens encasella en disciplines determinades. Amb la \u201ctt\u201d volem expressar un missatge de construcci\u00f3, d\u2019uni\u00f3 de les peces de qualsevol trencaclosques. No ens imaginem cr\u00e8ixer sense construir. La \u201c_\u201d ens permet \u201cviatjar junts\u201d, mai sols, ens poden complementar persones, clients, serveis, adjectius, etc.<\/p>\n<p>En aquesta p\u00e0gina\u00a0<a href=\"http:\/\/matteria.si\/ca\">www.matteria.si<\/a> pretenem expressar el que fem, com ho fem i per a qui ho fem. Al matei temps, que aquest bloc sigui un espai on llegir coses interessants de qualsevol disciplina amb qu\u00e8 estiguem o haguem treballat.<\/p>\n<p>Si \u201ctens temps\u201d i vols llegir-nos, et convidem que et subscriguis a la newsletter. Prometem no ser pesats, per\u00f2 s\u00ed molt rigorosos amb all\u00f2 que escriguem.<\/p>\n<h2>\u00bfEntrem en matteria_?<\/h2>\n","protected":false},"excerpt":{"rendered":"<p>\u00bfEntrem en matteria_? Avui \u00e9s un dia molt especial. Despr\u00e9s de setmanes de treball, en qu\u00e8 hem conviscut amb l\u2019execuci\u00f3 dels projectes dels nostres clients i amb la creaci\u00f3 del nostre propi repte, podem dir que avui \u201ces presenta en societat\u201d: matteria_ Despr\u00e9s de sengles carreres al m\u00f3n de l\u2019empresa i de la consultoria estrat\u00e8gica [&#8230;]<\/p>\n<p><a class=\"btn btn-secondary understrap-read-more-link\" href=\"https:\/\/matteria.si\/ca\/blog\/entrem-en-matteria_\/\">Continua llegint&#8230;<span class=\"screen-reader-text\"> from Un dia molt especial. \u00bfEntrem en matteria_?<\/span><\/a><\/p>\n","protected":false},"author":1,"featured_media":1713,"comment_status":"open","ping_status":"open","sticky":false,"template":"","format":"standard","meta":{"_acf_changed":false,"footnotes":""},"categories":[20],"tags":[],"class_list":["post-998","post","type-post","status-publish","format-standard","has-post-thumbnail","hentry","category-matteria_"],"acf":[],"_links":{"self":[{"href":"https:\/\/matteria.si\/ca\/wp-json\/wp\/v2\/posts\/998","targetHints":{"allow":["GET"]}}],"collection":[{"href":"https:\/\/matteria.si\/ca\/wp-json\/wp\/v2\/posts"}],"about":[{"href":"https:\/\/matteria.si\/ca\/wp-json\/wp\/v2\/types\/post"}],"author":[{"embeddable":true,"href":"https:\/\/matteria.si\/ca\/wp-json\/wp\/v2\/users\/1"}],"replies":[{"embeddable":true,"href":"https:\/\/matteria.si\/ca\/wp-json\/wp\/v2\/comments?post=998"}],"version-history":[{"count":4,"href":"https:\/\/matteria.si\/ca\/wp-json\/wp\/v2\/posts\/998\/revisions"}],"predecessor-version":[{"id":1235,"href":"https:\/\/matteria.si\/ca\/wp-json\/wp\/v2\/posts\/998\/revisions\/1235"}],"wp:featuredmedia":[{"embeddable":true,"href":"https:\/\/matteria.si\/ca\/wp-json\/wp\/v2\/media\/1713"}],"wp:attachment":[{"href":"https:\/\/matteria.si\/ca\/wp-json\/wp\/v2\/media?parent=998"}],"wp:term":[{"taxonomy":"category","embeddable":true,"href":"https:\/\/matteria.si\/ca\/wp-json\/wp\/v2\/categories?post=998"},{"taxonomy":"post_tag","embeddable":true,"href":"https:\/\/matteria.si\/ca\/wp-json\/wp\/v2\/tags?post=998"}],"curies":[{"name":"wp","href":"https:\/\/api.w.org\/{rel}","templated":true}]}}